{"id":11260,"date":"2026-04-29T10:08:54","date_gmt":"2026-04-29T10:08:54","guid":{"rendered":"https:\/\/vengria.info\/?p=11260"},"modified":"2026-04-29T10:08:56","modified_gmt":"2026-04-29T10:08:56","slug":"a-hetfo-reggelnek-atlagosnak-kellett-volna-lennie","status":"publish","type":"post","link":"https:\/\/vengria.info\/?p=11260","title":{"rendered":"A h\u00e9tf\u0151 reggelnek \u00e1tlagosnak kellett volna lennie."},"content":{"rendered":"\n<p>A konyh\u00e1ban pir\u00edt\u00f3s illata terjengett, a r\u00e1di\u00f3 halkan j\u00e1tszotta a h\u00edreket, Clara pedig a l\u00e1nya iskolai uzsonn\u00e1j\u00e1t k\u00e9sz\u00edtette. De Anna, egy nyolc\u00e9ves kisl\u00e1ny, nem \u00fclt az asztaln\u00e1l olyan \u00e9l\u00e9nken \u00e9s t\u00fcrelmetlen\u00fcl, mint \u00e1ltal\u00e1ban. S\u00e1padt volt, g\u00f6rnyedt, \u00e9s mindk\u00e9t kez\u00e9vel a has\u00e1t fogta.<\/p>\n\n\n\n<p>\u2013 Anya\u2026 m\u00e9g mindig f\u00e1j \u2013 suttogta.<\/p>\n\n\n\n<p>Clara azonnal letette a cs\u00e9sz\u00e9j\u00e9t.<\/p>\n\n\n\n<p>\u2013 Mi\u00f3ta?<\/p>\n\n\n\n<p>Anna les\u00fct\u00f6tte a szem\u00e9t.<\/p>\n\n\n\n<p>\u2013 Szombat este \u00f3ta.<\/p>\n\n\n\n<p>\u2013 Mi\u00e9rt nem mondtad el azonnal?<\/p>\n\n\n\n<p>\u2013 Mondtam Lucasnak \u2013 v\u00e1laszolta halkan. \u2013 Azt mondta, pizza lesz, \u00e9s fek\u00fcdjek le.<\/p>\n\n\n\n<p>Lucas Clara f\u00e9rje \u00e9s Anna mostohaapja volt. H\u00e9tv\u00e9g\u00e9n Clara dolgozott, Anna pedig otthon maradt vele. Nem volt durva vagy gonosz, de gyakran mindent bagatelliz\u00e1lt. Elmond\u00e1sa szerint a k\u00f6h\u00f6g\u00e9s megf\u00e1z\u00e1s volt, a l\u00e1z csak f\u00e1radts\u00e1g, \u00e9s a f\u00e1jdalom mindig mag\u00e1t\u00f3l elm\u00falt.<\/p>\n\n\n\n<p>Ez\u00fattal azonban Clara \u00fagy \u00e9rezte, hogy valami nincs rendben.<\/p>\n\n\n\n<p>Anna alig tudott fel\u00e1llni a sz\u00e9k\u00e9r\u0151l.<\/p>\n\n\n\n<p>H\u00fasz perccel k\u00e9s\u0151bb Dr. Mare\u0161 gyermekorvos rendel\u0151j\u00e9ben \u00fcltek, aki sz\u00fclet\u00e9se \u00f3ta ismerte Ann\u00e1t. Az alapvet\u0151 vizsg\u00e1lat ut\u00e1n megtapogatta a has\u00e1t, \u00e9s azonnal elkomolyodott.<\/p>\n\n\n\n<p>\u201eHol f\u00e1j a legjobban?\u201d \u2013 k\u00e9rdezte.<\/p>\n\n\n\n<p>Anna b\u00f3lintott, \u00e9s s\u00edrva fakadt.<\/p>\n\n\n\n<p>\u201eUltrahangot csin\u00e1lunk. Azonnal.\u201d<\/p>\n\n\n\n<figure class=\"wp-block-image size-full is-resized\"><img loading=\"lazy\" decoding=\"async\" width=\"479\" height=\"576\" src=\"https:\/\/vengria.info\/wp-content\/uploads\/2026\/04\/sedf9cv5xgrdf84cv615.png\" alt=\"\" class=\"wp-image-11262\" style=\"width:747px;height:auto\" srcset=\"https:\/\/vengria.info\/wp-content\/uploads\/2026\/04\/sedf9cv5xgrdf84cv615.png 479w, https:\/\/vengria.info\/wp-content\/uploads\/2026\/04\/sedf9cv5xgrdf84cv615-249x300.png 249w\" sizes=\"auto, (max-width: 479px) 100vw, 479px\" \/><\/figure>\n\n\n\n<p>Clara a kanap\u00e9 mell\u00e9 \u00fclt, \u00e9s pr\u00f3b\u00e1lt nyugodt maradni. Sz\u00fcrke alakok jelentek meg a monitoron, amiket nem \u00e9rtett. Az orvos azonban meg\u00e1llt. K\u00f6zelebb hajolt a k\u00e9perny\u0151h\u00f6z. Azt\u00e1n felh\u00edvta a n\u0151v\u00e9rt.<\/p>\n\n\n\n<p>A n\u0151v\u00e9r is r\u00e1n\u00e9zett, \u00e9s els\u00e1padt.<\/p>\n\n\n\n<p>\u201eDoktor \u00far\u2026?\u201d<\/p>\n\n\n\n<p>Clara megragadta a sz\u00e9k sz\u00e9l\u00e9t.<\/p>\n\n\n\n<p>\u201eMi a baj?\u201d<\/p>\n\n\n\n<p>Az orvos nem v\u00e1laszolt azonnal. Felvette a telefont.<\/p>\n\n\n\n<p>\u201eAzonnal ment\u0151t kell h\u00edvnom. Nyolc\u00e9ves kisl\u00e1ny. Lehets\u00e9ges b\u00e9lperfor\u00e1ci\u00f3 \u00e9s bels\u0151 v\u00e9rz\u00e9s. K\u00e9sz\u00fclj\u00f6n fel a m\u0171t\u00e9tre.\u201d<\/p>\n\n\n\n<p>Clara \u00fagy \u00e9rezte, mintha meg\u00e1llt volna a vil\u00e1ga.<\/p>\n\n\n\n<p>\u201eMicsoda?! Milyen v\u00e9rz\u00e9s?\u201d<\/p>\n\n\n\n<p>Az orvos megfordult.<\/p>\n\n\n\n<p>\u201eA l\u00e1ny\u00e1nak szabad folyad\u00e9k van a has\u00fcreg\u00e9ben, \u00e9s s\u00falyos s\u00e9r\u00fcl\u00e9s jelei mutatkoznak. Ez nem \u00fagy n\u00e9z ki, mint egy ev\u00e9s ut\u00e1ni f\u00e1jdalom. Ez v\u00e9szhelyzet.\u201d<\/p>\n\n\n\n<p>Anna s\u00edrva fakadt.<\/p>\n\n\n\n<p>Clara odafutott hozz\u00e1, \u00e9s megragadta a kez\u00e9t.<\/p>\n\n\n\n<p>\u201eDr\u00e1g\u00e1m, mi t\u00f6rt\u00e9nt a h\u00e9tv\u00e9g\u00e9n? Leesett? Meg\u00fct\u00f6tte mag\u00e1t? Mondja el az igazat.\u201d<\/p>\n\n\n\n<p>Anna sok\u00e1ig hallgatott.<\/p>\n\n\n\n<p>Azt\u00e1n k\u00f6r\u00fcln\u00e9zett, hogy Lucas van-e a k\u00f6zelben.<\/p>\n\n\n\n<p>Nem volt ott.<\/p>\n\n\n\n<p>\u201eSzombaton pr\u00f3b\u00e1ltam levenni egy b\u00f6gr\u00e9t a fels\u0151 polcr\u00f3l\u201d \u2013 suttogta. \u201eR\u00e1l\u00e9ptem egy sz\u00e9kre. A konyhapult sark\u00e1ra estem.\u201d<\/p>\n\n\n\n<p>Clara el\u00e1llt a l\u00e9legzete.<\/p>\n\n\n\n<p>\u201e\u00c9s Lucas?\u201d<\/p>\n\n\n\n<p>\u201eOtt volt. Azt mondta, ha elmondom, r\u00e1ord\u00edtasz, ami\u00e9rt nem vigy\u00e1z r\u00e1m. Jeget adott, \u00e9s azt mondta, hogy elm\u00falik.\u201d<\/p>\n\n\n\n<p>Abban a pillanatban Clara mindent meg\u00e9rtett.<\/p>\n\n\n\n<p>Nem kegyetlens\u00e9g volt.<\/p>\n\n\n\n<p>Egy feln\u0151tt k\u00f6z\u00f6nye, f\u00e9lelme \u00e9s ostobas\u00e1ga volt az, aki ink\u00e1bb eltitkolta a probl\u00e9m\u00e1t, mintsem beismerte volna a hib\u00e1j\u00e1t.<\/p>\n\n\n\n<p>A ment\u0151 perceken bel\u00fcl meg\u00e9rkezett. Ann\u00e1t k\u00f3rh\u00e1zba sz\u00e1ll\u00edtott\u00e1k, ahol azonnal megm\u0171t\u00f6tt\u00e9k. Az orvosok k\u00e9s\u0151bb azt mondt\u00e1k, hogy ha Clara estig v\u00e1rt volna, a fert\u0151z\u00e9s \u00e9s a v\u00e9rz\u00e9s v\u00e9gzetes lehetett volna.<\/p>\n\n\n\n<p>Lucas egy \u00f3r\u00e1val k\u00e9s\u0151bb \u00e9rkezett meg a k\u00f3rh\u00e1zba.<\/p>\n\n\n\n<p>Elkezdte magyar\u00e1zkodni, bocs\u00e1natot k\u00e9rni, ism\u00e9telgetni, hogy szerinte csak egy z\u00faz\u00f3d\u00e1s volt.<\/p>\n\n\n\n<p>Clara hagyta, hogy befejezze.<\/p>\n\n\n\n<p>Azt\u00e1n egyetlen mondatot mondott:<\/p>\n\n\n\n<p>\u201eAmikor egy gyerek azt mondja, hogy valami f\u00e1j, nem az eg\u00f3d alapj\u00e1n \u00edt\u00e9led meg. Figyelsz.\u201d<\/p>\n\n\n\n<p>Lucas nem sz\u00f3lt t\u00f6bbet.<\/p>\n\n\n\n<p>Anna n\u00e9h\u00e1ny h\u00e9t m\u00falva fel\u00e9p\u00fclt.<\/p>\n\n\n\n<p>\u00c9s Clara megtanult egy leck\u00e9t, amit soha nem felejtett el:<\/p>\n\n\n\n<p>N\u00e9ha a legnagyobb vesz\u00e9ly nem a gy\u0171l\u00f6letb\u0151l fakad. Abb\u00f3l, ha egy feln\u0151tt nem hajland\u00f3 komolyan venni a gyereket.<\/p>\n","protected":false},"excerpt":{"rendered":"A konyh\u00e1ban pir\u00edt\u00f3s illata terjengett, a r\u00e1di\u00f3 halkan j\u00e1tszotta a h\u00edreket, Clara pedig a l\u00e1nya iskolai uzsonn\u00e1j\u00e1t k\u00e9sz\u00edtette. De Anna, egy nyolc\u00e9ves kisl\u00e1ny, \n<a class=\"moretag\" href=\"https:\/\/vengria.info\/?p=11260\"> [...]<\/a>","protected":false},"author":1,"featured_media":11262,"comment_status":"open","ping_status":"open","sticky":false,"template":"","format":"standard","meta":{"footnotes":""},"categories":[1,2],"tags":[],"class_list":["post-11260","post","type-post","status-publish","format-standard","has-post-thumbnail","hentry","category-news","category-video"],"yoast_head":"<!-- This site is optimized with the Yoast SEO plugin v27.3 - https:\/\/yoast.com\/product\/yoast-seo-wordpress\/ -->\n<title>A h\u00e9tf\u0151 reggelnek \u00e1tlagosnak kellett volna lennie. -<\/title>\n<meta name=\"robots\" content=\"index, follow, max-snippet:-1, max-image-preview:large, max-video-preview:-1\" \/>\n<link rel=\"canonical\" href=\"https:\/\/vengria.info\/?p=11260\" \/>\n<meta property=\"og:locale\" content=\"en_US\" \/>\n<meta property=\"og:type\" content=\"article\" \/>\n<meta property=\"og:title\" content=\"A h\u00e9tf\u0151 reggelnek \u00e1tlagosnak kellett volna lennie. -\" \/>\n<meta property=\"og:description\" content=\"A konyh\u00e1ban pir\u00edt\u00f3s illata terjengett, a r\u00e1di\u00f3 halkan j\u00e1tszotta a h\u00edreket, Clara pedig a l\u00e1nya iskolai uzsonn\u00e1j\u00e1t k\u00e9sz\u00edtette. De Anna, egy nyolc\u00e9ves kisl\u00e1ny,\" \/>\n<meta property=\"og:url\" content=\"https:\/\/vengria.info\/?p=11260\" \/>\n<meta property=\"article:published_time\" content=\"2026-04-29T10:08:54+00:00\" \/>\n<meta property=\"article:modified_time\" content=\"2026-04-29T10:08:56+00:00\" \/>\n<meta property=\"og:image\" content=\"https:\/\/vengria.info\/wp-content\/uploads\/2026\/04\/sedf9cv5xgrdf84cv615.png\" \/>\n\t<meta property=\"og:image:width\" content=\"479\" \/>\n\t<meta property=\"og:image:height\" content=\"576\" \/>\n\t<meta property=\"og:image:type\" content=\"image\/png\" \/>\n<meta name=\"author\" content=\"admin\" \/>\n<meta name=\"twitter:card\" content=\"summary_large_image\" \/>\n<meta name=\"twitter:label1\" content=\"Written by\" \/>\n\t<meta name=\"twitter:data1\" content=\"admin\" \/>\n\t<meta name=\"twitter:label2\" content=\"Est. reading time\" \/>\n\t<meta name=\"twitter:data2\" content=\"3 minutes\" \/>\n<script type=\"application\/ld+json\" class=\"yoast-schema-graph\">{\"@context\":\"https:\\\/\\\/schema.org\",\"@graph\":[{\"@type\":\"Article\",\"@id\":\"https:\\\/\\\/vengria.info\\\/?p=11260#article\",\"isPartOf\":{\"@id\":\"https:\\\/\\\/vengria.info\\\/?p=11260\"},\"author\":{\"name\":\"admin\",\"@id\":\"https:\\\/\\\/vengria.info\\\/#\\\/schema\\\/person\\\/b815b04a6b1fb36a2d064955a92f68d4\"},\"headline\":\"A h\u00e9tf\u0151 reggelnek \u00e1tlagosnak kellett volna lennie.\",\"datePublished\":\"2026-04-29T10:08:54+00:00\",\"dateModified\":\"2026-04-29T10:08:56+00:00\",\"mainEntityOfPage\":{\"@id\":\"https:\\\/\\\/vengria.info\\\/?p=11260\"},\"wordCount\":720,\"commentCount\":0,\"image\":{\"@id\":\"https:\\\/\\\/vengria.info\\\/?p=11260#primaryimage\"},\"thumbnailUrl\":\"https:\\\/\\\/vengria.info\\\/wp-content\\\/uploads\\\/2026\\\/04\\\/sedf9cv5xgrdf84cv615.png\",\"articleSection\":[\"NEWS\",\"VIDEO\"],\"inLanguage\":\"en-US\",\"potentialAction\":[{\"@type\":\"CommentAction\",\"name\":\"Comment\",\"target\":[\"https:\\\/\\\/vengria.info\\\/?p=11260#respond\"]}]},{\"@type\":\"WebPage\",\"@id\":\"https:\\\/\\\/vengria.info\\\/?p=11260\",\"url\":\"https:\\\/\\\/vengria.info\\\/?p=11260\",\"name\":\"A h\u00e9tf\u0151 reggelnek \u00e1tlagosnak kellett volna lennie. -\",\"isPartOf\":{\"@id\":\"https:\\\/\\\/vengria.info\\\/#website\"},\"primaryImageOfPage\":{\"@id\":\"https:\\\/\\\/vengria.info\\\/?p=11260#primaryimage\"},\"image\":{\"@id\":\"https:\\\/\\\/vengria.info\\\/?p=11260#primaryimage\"},\"thumbnailUrl\":\"https:\\\/\\\/vengria.info\\\/wp-content\\\/uploads\\\/2026\\\/04\\\/sedf9cv5xgrdf84cv615.png\",\"datePublished\":\"2026-04-29T10:08:54+00:00\",\"dateModified\":\"2026-04-29T10:08:56+00:00\",\"author\":{\"@id\":\"https:\\\/\\\/vengria.info\\\/#\\\/schema\\\/person\\\/b815b04a6b1fb36a2d064955a92f68d4\"},\"breadcrumb\":{\"@id\":\"https:\\\/\\\/vengria.info\\\/?p=11260#breadcrumb\"},\"inLanguage\":\"en-US\",\"potentialAction\":[{\"@type\":\"ReadAction\",\"target\":[\"https:\\\/\\\/vengria.info\\\/?p=11260\"]}]},{\"@type\":\"ImageObject\",\"inLanguage\":\"en-US\",\"@id\":\"https:\\\/\\\/vengria.info\\\/?p=11260#primaryimage\",\"url\":\"https:\\\/\\\/vengria.info\\\/wp-content\\\/uploads\\\/2026\\\/04\\\/sedf9cv5xgrdf84cv615.png\",\"contentUrl\":\"https:\\\/\\\/vengria.info\\\/wp-content\\\/uploads\\\/2026\\\/04\\\/sedf9cv5xgrdf84cv615.png\",\"width\":479,\"height\":576},{\"@type\":\"BreadcrumbList\",\"@id\":\"https:\\\/\\\/vengria.info\\\/?p=11260#breadcrumb\",\"itemListElement\":[{\"@type\":\"ListItem\",\"position\":1,\"name\":\"Home\",\"item\":\"https:\\\/\\\/vengria.info\\\/\"},{\"@type\":\"ListItem\",\"position\":2,\"name\":\"A h\u00e9tf\u0151 reggelnek \u00e1tlagosnak kellett volna lennie.\"}]},{\"@type\":\"WebSite\",\"@id\":\"https:\\\/\\\/vengria.info\\\/#website\",\"url\":\"https:\\\/\\\/vengria.info\\\/\",\"name\":\"\",\"description\":\"\",\"potentialAction\":[{\"@type\":\"SearchAction\",\"target\":{\"@type\":\"EntryPoint\",\"urlTemplate\":\"https:\\\/\\\/vengria.info\\\/?s={search_term_string}\"},\"query-input\":{\"@type\":\"PropertyValueSpecification\",\"valueRequired\":true,\"valueName\":\"search_term_string\"}}],\"inLanguage\":\"en-US\"},{\"@type\":\"Person\",\"@id\":\"https:\\\/\\\/vengria.info\\\/#\\\/schema\\\/person\\\/b815b04a6b1fb36a2d064955a92f68d4\",\"name\":\"admin\",\"image\":{\"@type\":\"ImageObject\",\"inLanguage\":\"en-US\",\"@id\":\"https:\\\/\\\/secure.gravatar.com\\\/avatar\\\/a29bad30ab19883c48927f9ee55a40d0d1a0c3c343bcef70ad9a0a9cb421f0fa?s=96&d=mm&r=g\",\"url\":\"https:\\\/\\\/secure.gravatar.com\\\/avatar\\\/a29bad30ab19883c48927f9ee55a40d0d1a0c3c343bcef70ad9a0a9cb421f0fa?s=96&d=mm&r=g\",\"contentUrl\":\"https:\\\/\\\/secure.gravatar.com\\\/avatar\\\/a29bad30ab19883c48927f9ee55a40d0d1a0c3c343bcef70ad9a0a9cb421f0fa?s=96&d=mm&r=g\",\"caption\":\"admin\"},\"sameAs\":[\"http:\\\/\\\/vengria.info\"],\"url\":\"https:\\\/\\\/vengria.info\\\/?author=1\"}]}<\/script>\n<!-- \/ Yoast SEO plugin. -->","yoast_head_json":{"title":"A h\u00e9tf\u0151 reggelnek \u00e1tlagosnak kellett volna lennie. -","robots":{"index":"index","follow":"follow","max-snippet":"max-snippet:-1","max-image-preview":"max-image-preview:large","max-video-preview":"max-video-preview:-1"},"canonical":"https:\/\/vengria.info\/?p=11260","og_locale":"en_US","og_type":"article","og_title":"A h\u00e9tf\u0151 reggelnek \u00e1tlagosnak kellett volna lennie. -","og_description":"A konyh\u00e1ban pir\u00edt\u00f3s illata terjengett, a r\u00e1di\u00f3 halkan j\u00e1tszotta a h\u00edreket, Clara pedig a l\u00e1nya iskolai uzsonn\u00e1j\u00e1t k\u00e9sz\u00edtette. De Anna, egy nyolc\u00e9ves kisl\u00e1ny,","og_url":"https:\/\/vengria.info\/?p=11260","article_published_time":"2026-04-29T10:08:54+00:00","article_modified_time":"2026-04-29T10:08:56+00:00","og_image":[{"width":479,"height":576,"url":"https:\/\/vengria.info\/wp-content\/uploads\/2026\/04\/sedf9cv5xgrdf84cv615.png","type":"image\/png"}],"author":"admin","twitter_card":"summary_large_image","twitter_misc":{"Written by":"admin","Est. reading time":"3 minutes"},"schema":{"@context":"https:\/\/schema.org","@graph":[{"@type":"Article","@id":"https:\/\/vengria.info\/?p=11260#article","isPartOf":{"@id":"https:\/\/vengria.info\/?p=11260"},"author":{"name":"admin","@id":"https:\/\/vengria.info\/#\/schema\/person\/b815b04a6b1fb36a2d064955a92f68d4"},"headline":"A h\u00e9tf\u0151 reggelnek \u00e1tlagosnak kellett volna lennie.","datePublished":"2026-04-29T10:08:54+00:00","dateModified":"2026-04-29T10:08:56+00:00","mainEntityOfPage":{"@id":"https:\/\/vengria.info\/?p=11260"},"wordCount":720,"commentCount":0,"image":{"@id":"https:\/\/vengria.info\/?p=11260#primaryimage"},"thumbnailUrl":"https:\/\/vengria.info\/wp-content\/uploads\/2026\/04\/sedf9cv5xgrdf84cv615.png","articleSection":["NEWS","VIDEO"],"inLanguage":"en-US","potentialAction":[{"@type":"CommentAction","name":"Comment","target":["https:\/\/vengria.info\/?p=11260#respond"]}]},{"@type":"WebPage","@id":"https:\/\/vengria.info\/?p=11260","url":"https:\/\/vengria.info\/?p=11260","name":"A h\u00e9tf\u0151 reggelnek \u00e1tlagosnak kellett volna lennie. -","isPartOf":{"@id":"https:\/\/vengria.info\/#website"},"primaryImageOfPage":{"@id":"https:\/\/vengria.info\/?p=11260#primaryimage"},"image":{"@id":"https:\/\/vengria.info\/?p=11260#primaryimage"},"thumbnailUrl":"https:\/\/vengria.info\/wp-content\/uploads\/2026\/04\/sedf9cv5xgrdf84cv615.png","datePublished":"2026-04-29T10:08:54+00:00","dateModified":"2026-04-29T10:08:56+00:00","author":{"@id":"https:\/\/vengria.info\/#\/schema\/person\/b815b04a6b1fb36a2d064955a92f68d4"},"breadcrumb":{"@id":"https:\/\/vengria.info\/?p=11260#breadcrumb"},"inLanguage":"en-US","potentialAction":[{"@type":"ReadAction","target":["https:\/\/vengria.info\/?p=11260"]}]},{"@type":"ImageObject","inLanguage":"en-US","@id":"https:\/\/vengria.info\/?p=11260#primaryimage","url":"https:\/\/vengria.info\/wp-content\/uploads\/2026\/04\/sedf9cv5xgrdf84cv615.png","contentUrl":"https:\/\/vengria.info\/wp-content\/uploads\/2026\/04\/sedf9cv5xgrdf84cv615.png","width":479,"height":576},{"@type":"BreadcrumbList","@id":"https:\/\/vengria.info\/?p=11260#breadcrumb","itemListElement":[{"@type":"ListItem","position":1,"name":"Home","item":"https:\/\/vengria.info\/"},{"@type":"ListItem","position":2,"name":"A h\u00e9tf\u0151 reggelnek \u00e1tlagosnak kellett volna lennie."}]},{"@type":"WebSite","@id":"https:\/\/vengria.info\/#website","url":"https:\/\/vengria.info\/","name":"","description":"","potentialAction":[{"@type":"SearchAction","target":{"@type":"EntryPoint","urlTemplate":"https:\/\/vengria.info\/?s={search_term_string}"},"query-input":{"@type":"PropertyValueSpecification","valueRequired":true,"valueName":"search_term_string"}}],"inLanguage":"en-US"},{"@type":"Person","@id":"https:\/\/vengria.info\/#\/schema\/person\/b815b04a6b1fb36a2d064955a92f68d4","name":"admin","image":{"@type":"ImageObject","inLanguage":"en-US","@id":"https:\/\/secure.gravatar.com\/avatar\/a29bad30ab19883c48927f9ee55a40d0d1a0c3c343bcef70ad9a0a9cb421f0fa?s=96&d=mm&r=g","url":"https:\/\/secure.gravatar.com\/avatar\/a29bad30ab19883c48927f9ee55a40d0d1a0c3c343bcef70ad9a0a9cb421f0fa?s=96&d=mm&r=g","contentUrl":"https:\/\/secure.gravatar.com\/avatar\/a29bad30ab19883c48927f9ee55a40d0d1a0c3c343bcef70ad9a0a9cb421f0fa?s=96&d=mm&r=g","caption":"admin"},"sameAs":["http:\/\/vengria.info"],"url":"https:\/\/vengria.info\/?author=1"}]}},"_links":{"self":[{"href":"https:\/\/vengria.info\/index.php?rest_route=\/wp\/v2\/posts\/11260","targetHints":{"allow":["GET"]}}],"collection":[{"href":"https:\/\/vengria.info\/index.php?rest_route=\/wp\/v2\/posts"}],"about":[{"href":"https:\/\/vengria.info\/index.php?rest_route=\/wp\/v2\/types\/post"}],"author":[{"embeddable":true,"href":"https:\/\/vengria.info\/index.php?rest_route=\/wp\/v2\/users\/1"}],"replies":[{"embeddable":true,"href":"https:\/\/vengria.info\/index.php?rest_route=%2Fwp%2Fv2%2Fcomments&post=11260"}],"version-history":[{"count":1,"href":"https:\/\/vengria.info\/index.php?rest_route=\/wp\/v2\/posts\/11260\/revisions"}],"predecessor-version":[{"id":11264,"href":"https:\/\/vengria.info\/index.php?rest_route=\/wp\/v2\/posts\/11260\/revisions\/11264"}],"wp:featuredmedia":[{"embeddable":true,"href":"https:\/\/vengria.info\/index.php?rest_route=\/wp\/v2\/media\/11262"}],"wp:attachment":[{"href":"https:\/\/vengria.info\/index.php?rest_route=%2Fwp%2Fv2%2Fmedia&parent=11260"}],"wp:term":[{"taxonomy":"category","embeddable":true,"href":"https:\/\/vengria.info\/index.php?rest_route=%2Fwp%2Fv2%2Fcategories&post=11260"},{"taxonomy":"post_tag","embeddable":true,"href":"https:\/\/vengria.info\/index.php?rest_route=%2Fwp%2Fv2%2Ftags&post=11260"}],"curies":[{"name":"wp","href":"https:\/\/api.w.org\/{rel}","templated":true}]}}