{"id":11187,"date":"2026-04-28T08:35:14","date_gmt":"2026-04-28T08:35:14","guid":{"rendered":"https:\/\/vengria.info\/?p=11187"},"modified":"2026-04-28T08:35:16","modified_gmt":"2026-04-28T08:35:16","slug":"mariana-valdes-a-nevem-hatvannyolc-eves-vagyok-es-az-emberek-gyakran-ket-dolgot-gondolnak-rolam-hogy-csendes-vagyok-es-hogy-semmit-sem-ertek","status":"publish","type":"post","link":"https:\/\/vengria.info\/?p=11187","title":{"rendered":"Mariana Vald\u00e9s a nevem. Hatvannyolc \u00e9ves vagyok, \u00e9s az emberek gyakran k\u00e9t dolgot gondolnak r\u00f3lam: hogy csendes vagyok, \u00e9s hogy semmit sem \u00e9rtek."},"content":{"rendered":"\n<p>Az els\u0151 n\u00e9ha igaz.<\/p>\n\n\n\n<p>A m\u00e1sodik szinte soha nem igaz.<\/p>\n\n\n\n<p>A fiam, Eduardo megh\u00edvott egy \u00fczleti vacsor\u00e1ra egy francia \u00fcgyf\u00e9llel. Maga a megh\u00edv\u00e1s gyan\u00fas volt. Az ut\u00f3bbi \u00e9vekben f\u0151leg akkor h\u00edvott, amikor valamire sz\u00fcks\u00e9ge volt \u2013 al\u00e1\u00edr\u00e1sra, k\u00f6lcs\u00f6nre, aj\u00e1nl\u00e1sra, egy sz\u00edvess\u00e9gre, amit csal\u00e1di seg\u00edts\u00e9gnek nevezett.<\/p>\n\n\n\n<p>Ez\u00fattal szokatlanul kedvesen besz\u00e9lt.<\/p>\n\n\n\n<p>\u201eAnya, j\u00f3 benyom\u00e1st kell tenned. \u0150 egy fontos befektet\u0151. Azt akarom, hogy l\u00e1ssa, hogy komoly csal\u00e1d vagyunk.\u201d<\/p>\n\n\n\n<p>Egyet\u00e9rtettem.<\/p>\n\n\n\n<p>Felvettem egy kr\u00e9msz\u00edn\u0171 bl\u00e9zert, egy k\u00e9k ruh\u00e1t \u00e9s egy gy\u00f6ngy f\u00fclbeval\u00f3t, amit a n\u00e9hai f\u00e9rjem adott nekem a harmincadik h\u00e1zass\u00e1gi \u00e9vfordul\u00f3nkra. Amikor egy n\u0151 elvesz\u00edt egy f\u00e9rfit, megtanulja felismerni a megmaradt dolgok \u00e9rt\u00e9k\u00e9t.<\/p>\n\n\n\n<p>Az \u00e9tterem f\u00e9ny\u0171z\u0151 volt. Halv\u00e1ny f\u00e9nyek, feh\u00e9r ter\u00edt\u0151k, a szem\u00e9lyzet, aki halkabban mozgott, mint az \u00e1rny\u00e9kok.<\/p>\n\n\n\n<p>Eduardo t\u00f6k\u00e9letesen \u00e1poltan \u00fclt sz\u00fcrke \u00f6lt\u00f6nyben. Mellette egy \u00f6tvenes \u00e9veiben j\u00e1r\u00f3 f\u00e9rfi \u00fclt, eleg\u00e1ns, prec\u00edz \u00e9s visszafogott.<\/p>\n\n\n\n<p>\u201eMonsieur Laurent Dubois\u201d \u2013 mutatta be.<\/p>\n\n\n\n<p>Mosolyogtam \u00e9s b\u00f3lintottam egy kicsit.<\/p>\n\n\n\n<p>Eduardo fel\u00e9m hajolt.<\/p>\n\n\n\n<p>\u201eAnya, \u0151 csak franci\u00e1ul besz\u00e9l, sz\u00f3val mosolyogj. \u00c9n tolm\u00e1csolok.\u201d<\/p>\n\n\n\n<p>Ism\u00e9t b\u00f3lintottam.<\/p>\n\n\n\n<p>Nem mondtam el neki, hogy foly\u00e9konyan besz\u00e9lek franci\u00e1ul.<\/p>\n\n\n\n<p>Nem mondtam el neki, hogy fiatalkoromban kilenc \u00e9vig dolgoztam tolm\u00e1csk\u00e9nt Veracruz kik\u00f6t\u0151j\u00e9ben, Marseille-i, Le Havre-i \u00e9s Lyoni haj\u00f3tulajdonosokkal t\u00e1rgyalva.<\/p>\n\n\n\n<figure class=\"wp-block-image size-full is-resized\"><img loading=\"lazy\" decoding=\"async\" width=\"500\" height=\"621\" src=\"https:\/\/vengria.info\/wp-content\/uploads\/2026\/04\/9as65d1as65d3a1.png\" alt=\"\" class=\"wp-image-11189\" style=\"width:747px;height:auto\" srcset=\"https:\/\/vengria.info\/wp-content\/uploads\/2026\/04\/9as65d1as65d3a1.png 500w, https:\/\/vengria.info\/wp-content\/uploads\/2026\/04\/9as65d1as65d3a1-242x300.png 242w\" sizes=\"auto, (max-width: 500px) 100vw, 500px\" \/><\/figure>\n\n\n\n<p>N\u00e9h\u00e1ny k\u00e9pess\u00e9g sosem v\u00e9sz el. Egyszer\u0171en csak abbahagyod a mutogat\u00e1sukat.<\/p>\n\n\n\n<p>A vacsora udvariasan kezd\u0151d\u00f6tt. Bor, el\u0151\u00e9telek, b\u00f3kok. Eduardo kedves, egyszer\u0171 \u00f6zvegyasszonyk\u00e9nt besz\u00e9lt r\u00f3lam, aki a f\u00e9rje r\u00e9gi \u00e9p\u00fclet\u00e9nek tulajdonosa, \u00e9s szerette a csal\u00e1dra hagyni a dolgokat.<\/p>\n\n\n\n<p>Mosolyogtam.<\/p>\n\n\n\n<p>Azt\u00e1n azt hitte, hogy nem figyelek.<\/p>\n\n\n\n<p>Mr. Dubois fel\u00e9 fordult, \u00e9s franci\u00e1ra v\u00e1ltott.<\/p>\n\n\n\n<p>&#8220;A dosszi\u00e9 egyszer\u0171. Elle signera sans lire.&#8221;<\/p>\n\n\n\n<p>A dosszi\u00e9 egyszer\u0171. Olvas\u00e1s n\u00e9lk\u00fcl al\u00e1\u00edrja.<\/p>\n\n\n\n<p>A sz\u00edvem \u00f6sszeszorult.<\/p>\n\n\n\n<p>Nyugodtan folytatta, mik\u00f6zben felszeletelte a h\u00fast.<\/p>\n\n\n\n<p>&#8220;Je lui dirai que ce sont des papiers fiscaux. Apr\u00e8s le transfert, l&#8217;immeuble appartiendra \u00e0 la soci\u00e9t\u00e9.&#8221;<\/p>\n\n\n\n<p>Megmondom neki, hogy ezek ad\u00f3dokumentumok. Az \u00e1tad\u00e1s ut\u00e1n az \u00e9p\u00fclet a t\u00e1rsas\u00e1g tulajdon\u00e1ba ker\u00fcl.<\/p>\n\n\n\n<p>Mr. Dubois feln\u00e9zett.<\/p>\n\n\n\n<p>&#8220;Et votre m\u00e8re comprend cela?&#8221;<\/p>\n\n\n\n<p>\u00c9s anyuk\u00e1d meg\u00e9rti ezt?<\/p>\n\n\n\n<p>Eduardo elmosolyodott.<\/p>\n\n\n\n<p>&#8220;\u00c0 son \u00e2ge? Elle ne comprend d\u00e9j\u00e0 plus grand-chose.&#8221;<\/p>\n\n\n\n<p>Az \u0151 kor\u00e1ban? Egy\u00e9bk\u00e9nt alig \u00e9rt valamit.<\/p>\n\n\n\n<p>nem mozdultam.<\/p>\n\n\n\n<p>Csak az ev\u0151eszk\u00f6zt tettem a t\u00e1ny\u00e9r mell\u00e9.<\/p>\n\n\n\n<p>Azt\u00e1n mondott egy mondatot, ami v\u00e9gleg bez\u00e1rt bennem valamit.<\/p>\n\n\n\n<p>\u201eDemain, quand elle signera, je n\u2019aurai plus besoin de faire semblant de m\u2019int\u00e9resser \u00e0 elle.\u201d<\/p>\n\n\n\n<p>Holnap, amikor al\u00e1\u00edrja, nem kell t\u00f6bb\u00e9 \u00fagy tennem, mintha t\u00f6r\u0151dn\u00e9k vele.<\/p>\n\n\n\n<p>T\u00f6k\u00e9letes csend volt az asztaln\u00e1l.<\/p>\n\n\n\n<p>Fogtam a szalv\u00e9t\u00e1t, \u00f6sszehajtottam, \u00e9s a poh\u00e1r mell\u00e9 tettem.<\/p>\n\n\n\n<p>Azt\u00e1n, aznap este el\u0151sz\u00f6r, egyenesen Mr. Dubois-ra n\u00e9ztem, \u00e9s egy pillanatnyi haboz\u00e1s n\u00e9lk\u00fcl franci\u00e1ul mondtam:<\/p>\n\n\n\n<p>\u201eUram, sajn\u00e1lom, hogy vacsora k\u00f6zben v\u00e9gig kellett hallgatnia a csal\u00e1di csal\u00e1st.\u201d<\/p>\n\n\n\n<p>Eduardo vill\u00e1ja kiesett a kez\u00e9b\u0151l.<\/p>\n\n\n\n<p>Az arca olyan gyorsan els\u00e1padt, hogy szinte komikus volt.<\/p>\n\n\n\n<p>\u201eAnya\u2026\u201d<\/p>\n\n\n\n<p>Nem t\u00f6r\u0151dtem vele.<\/p>\n\n\n\n<p>Visszafordultam az \u00fcgyfelemhez.<\/p>\n\n\n\n<p>\u2013 Az \u00e9p\u00fclet, amir\u0151l besz\u00e9l, nem tartozik egyetlen c\u00e9ghez sem. Csak az \u00e9n nevemen van. \u00c9s a dokumentumok, amiket megmutatott, ha a beleegyez\u00e9sem n\u00e9lk\u00fcli \u00e1tutal\u00e1st tartalmaznak, jogilag vitathat\u00f3k.<\/p>\n\n\n\n<p>Mr. Dubois kiegyenesedett.<\/p>\n\n\n\n<p>\u2013 Besz\u00e9l franci\u00e1ul?<\/p>\n\n\n\n<p>\u2013 Jobban, mint a fiam \u2013 v\u00e1laszoltam nyugodtan.<\/p>\n\n\n\n<p>A pinc\u00e9r hozta a f\u0151\u00e9telt, \u00e9s majdnem megbotlott.<\/p>\n\n\n\n<p>Eduardo sziszegte:<\/p>\n\n\n\n<p>\u2013 Anya, hagyd abba!<\/p>\n\n\n\n<p>Ez\u00fattal spanyolra v\u00e1ltottam, hogy minden sz\u00f3t meg\u00e9rtsen.<\/p>\n\n\n\n<p>\u2013 Hagyd abba. \u00c9n neveltelek fel. Nem \u00e9n fektettem harmincnyolc \u00e9vet az \u00e9letemb\u0151l abba, hogy kirabolj a leves \u00e9s a desszert k\u00f6z\u00f6tt.<\/p>\n\n\n\n<p>A vend\u00e9gek k\u00f6z\u00fcl t\u00f6bben is megfordultak.<\/p>\n\n\n\n<p>Mr. Dubois becsukta el\u0151tte a dosszi\u00e9t.<\/p>\n\n\n\n<p>\u2013 Vald\u00e9s \u00far \u2013 mondta hideg franci\u00e1ul \u2013, a t\u00e1rgyal\u00e1saink v\u00e9get \u00e9rtek.<\/p>\n\n\n\n<p>Eduardo dadogva kezdett magyar\u00e1zkodni a f\u00e9lre\u00e9rt\u00e9sekr\u0151l, a bels\u0151 strat\u00e9gi\u00e1r\u00f3l \u00e9s a csal\u00e1di humorr\u00f3l.<\/p>\n\n\n\n<p>Senki sem hitt neki.<\/p>\n\n\n\n<p>Mr. Dubois fel\u00e1llt, \u00e1tny\u00fajtotta a n\u00e9vjegyk\u00e1rty\u00e1j\u00e1t, \u00e9s kiss\u00e9 meghajolt.<\/p>\n\n\n\n<p>\u201eAsszonyom, ha valaha is leg\u00e1lisan szeretn\u00e9 b\u00e9rbe adni vagy fejleszteni az ingatlan\u00e1t, int\u00e9zze k\u00f6zvetlen\u00fcl velem. Semmi k\u00f6zvet\u00edt\u0151.\u201d<\/p>\n\n\n\n<p>Azt\u00e1n elment.<\/p>\n\n\n\n<p>Eduardo \u00fagy \u00fclt velem szemben, mint egy kisfi\u00fa, akit hazud\u00e1son kaptak.<\/p>\n\n\n\n<p>\u201eT\u00f6nkretette az \u00fczletemet.\u201d<\/p>\n\n\n\n<p>Hossz\u00fa ideig n\u00e9ztem r\u00e1.<\/p>\n\n\n\n<p>\u201eNem. Megmentettem az \u00e9letemet.\u201d<\/p>\n\n\n\n<p>El\u0151h\u00faztam egy bor\u00edt\u00e9kot a t\u00e1sk\u00e1mb\u00f3l.<\/p>\n\n\n\n<p>\u201e\u00c9s egy\u00e9bk\u00e9nt sz\u00e1m\u00edtottam r\u00e1, hogy megpr\u00f3b\u00e1l valami ilyesmit.\u201d<\/p>\n\n\n\n<p>Benne volt az \u00faj meghatalmaz\u00e1s m\u00e1solata \u00e9s a f\u00f6ldhivatali bejegyz\u00e9s m\u00e1solata.<\/p>\n\n\n\n<p>Egy h\u00f3napja adtam \u00e1t az \u00e9p\u00fcletet egy csal\u00e1di vagyonkezel\u0151nek, ahol senki sem adhatta el h\u00e1rom f\u00fcggetlen vagyonkezel\u0151 beleegyez\u00e9se n\u00e9lk\u00fcl.<\/p>\n\n\n\n<p>Az egyik a l\u00e1nyom volt.<\/p>\n\n\n\n<p>A m\u00e1sik az \u00fcgyv\u00e9dem volt.<\/p>\n\n\n\n<p>A harmadik \u00e9n voltam.<\/p>\n\n\n\n<p>Eduardo r\u00e1m meredt.<\/p>\n\n\n\n<p>\u201eNem hitt nekem?\u201d<\/p>\n\n\n\n<p>\u201eNem\u201d \u2013 mondtam. \u2013 V\u00e9gre rendesen l\u00e1ttalak.<\/p>\n\n\n\n<p>K\u00e9szp\u00e9nzben fizettem ki a sz\u00e1mla r\u00e1m es\u0151 r\u00e9sz\u00e9t.<\/p>\n\n\n\n<p>Fel\u00e1lltam, megigaz\u00edtottam a kab\u00e1tomat, \u00e9s a kezembe vettem a gy\u00f6ngy f\u00fclbeval\u00f3imat, mintha egy olyan f\u00e9rfi eml\u00e9k\u00e9t \u00e9rinten\u00e9m meg, aki pontosan tudja, mit kell mondania.<\/p>\n\n\n\n<p>Az ajt\u00f3ban m\u00e9g utolj\u00e1ra megfordultam.<\/p>\n\n\n\n<p>\u2013 \u00c9s m\u00e9g valami, Eduardo.<\/p>\n\n\n\n<p>\u2013 Micsoda?<\/p>\n\n\n\n<p>\u2013 Soha ne becs\u00fcld al\u00e1 egy hallgatag n\u0151t. Tal\u00e1n csak arra v\u00e1r, hogy befejezd.<\/p>\n\n\n\n<p>Azt\u00e1n elmentem.<\/p>\n\n\n\n<p>H\u00e1rom h\u00f3nappal k\u00e9s\u0151bb kib\u00e9reltem az \u00e9p\u00fcletet egy c\u00e9gnek\u2026<\/p>\n","protected":false},"excerpt":{"rendered":"Az els\u0151 n\u00e9ha igaz. A m\u00e1sodik szinte soha nem igaz. A fiam, Eduardo megh\u00edvott egy \u00fczleti vacsor\u00e1ra egy francia \u00fcgyf\u00e9llel. Maga a megh\u00edv\u00e1s \n<a class=\"moretag\" href=\"https:\/\/vengria.info\/?p=11187\"> [...]<\/a>","protected":false},"author":1,"featured_media":11189,"comment_status":"open","ping_status":"open","sticky":false,"template":"","format":"standard","meta":{"footnotes":""},"categories":[1,2],"tags":[],"class_list":["post-11187","post","type-post","status-publish","format-standard","has-post-thumbnail","hentry","category-news","category-video"],"yoast_head":"<!-- This site is optimized with the Yoast SEO plugin v27.3 - https:\/\/yoast.com\/product\/yoast-seo-wordpress\/ -->\n<title>Mariana Vald\u00e9s a nevem. Hatvannyolc \u00e9ves vagyok, \u00e9s az emberek gyakran k\u00e9t dolgot gondolnak r\u00f3lam: hogy csendes vagyok, \u00e9s hogy semmit sem \u00e9rtek. -<\/title>\n<meta name=\"robots\" content=\"index, follow, max-snippet:-1, max-image-preview:large, max-video-preview:-1\" \/>\n<link rel=\"canonical\" href=\"https:\/\/vengria.info\/?p=11187\" \/>\n<meta property=\"og:locale\" content=\"en_US\" \/>\n<meta property=\"og:type\" content=\"article\" \/>\n<meta property=\"og:title\" content=\"Mariana Vald\u00e9s a nevem. Hatvannyolc \u00e9ves vagyok, \u00e9s az emberek gyakran k\u00e9t dolgot gondolnak r\u00f3lam: hogy csendes vagyok, \u00e9s hogy semmit sem \u00e9rtek. -\" \/>\n<meta property=\"og:description\" content=\"Az els\u0151 n\u00e9ha igaz. A m\u00e1sodik szinte soha nem igaz. A fiam, Eduardo megh\u00edvott egy \u00fczleti vacsor\u00e1ra egy francia \u00fcgyf\u00e9llel. Maga a megh\u00edv\u00e1s\" \/>\n<meta property=\"og:url\" content=\"https:\/\/vengria.info\/?p=11187\" \/>\n<meta property=\"article:published_time\" content=\"2026-04-28T08:35:14+00:00\" \/>\n<meta property=\"article:modified_time\" content=\"2026-04-28T08:35:16+00:00\" \/>\n<meta property=\"og:image\" content=\"https:\/\/vengria.info\/wp-content\/uploads\/2026\/04\/9as65d1as65d3a1.png\" \/>\n\t<meta property=\"og:image:width\" content=\"500\" \/>\n\t<meta property=\"og:image:height\" content=\"621\" \/>\n\t<meta property=\"og:image:type\" content=\"image\/png\" \/>\n<meta name=\"author\" content=\"admin\" \/>\n<meta name=\"twitter:card\" content=\"summary_large_image\" \/>\n<meta name=\"twitter:label1\" content=\"Written by\" \/>\n\t<meta name=\"twitter:data1\" content=\"admin\" \/>\n\t<meta name=\"twitter:label2\" content=\"Est. reading time\" \/>\n\t<meta name=\"twitter:data2\" content=\"4 minutes\" \/>\n<script type=\"application\/ld+json\" class=\"yoast-schema-graph\">{\"@context\":\"https:\\\/\\\/schema.org\",\"@graph\":[{\"@type\":\"Article\",\"@id\":\"https:\\\/\\\/vengria.info\\\/?p=11187#article\",\"isPartOf\":{\"@id\":\"https:\\\/\\\/vengria.info\\\/?p=11187\"},\"author\":{\"name\":\"admin\",\"@id\":\"https:\\\/\\\/vengria.info\\\/#\\\/schema\\\/person\\\/b815b04a6b1fb36a2d064955a92f68d4\"},\"headline\":\"Mariana Vald\u00e9s a nevem. Hatvannyolc \u00e9ves vagyok, \u00e9s az emberek gyakran k\u00e9t dolgot gondolnak r\u00f3lam: hogy csendes vagyok, \u00e9s hogy semmit sem \u00e9rtek.\",\"datePublished\":\"2026-04-28T08:35:14+00:00\",\"dateModified\":\"2026-04-28T08:35:16+00:00\",\"mainEntityOfPage\":{\"@id\":\"https:\\\/\\\/vengria.info\\\/?p=11187\"},\"wordCount\":1036,\"commentCount\":0,\"image\":{\"@id\":\"https:\\\/\\\/vengria.info\\\/?p=11187#primaryimage\"},\"thumbnailUrl\":\"https:\\\/\\\/vengria.info\\\/wp-content\\\/uploads\\\/2026\\\/04\\\/9as65d1as65d3a1.png\",\"articleSection\":[\"NEWS\",\"VIDEO\"],\"inLanguage\":\"en-US\",\"potentialAction\":[{\"@type\":\"CommentAction\",\"name\":\"Comment\",\"target\":[\"https:\\\/\\\/vengria.info\\\/?p=11187#respond\"]}]},{\"@type\":\"WebPage\",\"@id\":\"https:\\\/\\\/vengria.info\\\/?p=11187\",\"url\":\"https:\\\/\\\/vengria.info\\\/?p=11187\",\"name\":\"Mariana Vald\u00e9s a nevem. Hatvannyolc \u00e9ves vagyok, \u00e9s az emberek gyakran k\u00e9t dolgot gondolnak r\u00f3lam: hogy csendes vagyok, \u00e9s hogy semmit sem \u00e9rtek. -\",\"isPartOf\":{\"@id\":\"https:\\\/\\\/vengria.info\\\/#website\"},\"primaryImageOfPage\":{\"@id\":\"https:\\\/\\\/vengria.info\\\/?p=11187#primaryimage\"},\"image\":{\"@id\":\"https:\\\/\\\/vengria.info\\\/?p=11187#primaryimage\"},\"thumbnailUrl\":\"https:\\\/\\\/vengria.info\\\/wp-content\\\/uploads\\\/2026\\\/04\\\/9as65d1as65d3a1.png\",\"datePublished\":\"2026-04-28T08:35:14+00:00\",\"dateModified\":\"2026-04-28T08:35:16+00:00\",\"author\":{\"@id\":\"https:\\\/\\\/vengria.info\\\/#\\\/schema\\\/person\\\/b815b04a6b1fb36a2d064955a92f68d4\"},\"breadcrumb\":{\"@id\":\"https:\\\/\\\/vengria.info\\\/?p=11187#breadcrumb\"},\"inLanguage\":\"en-US\",\"potentialAction\":[{\"@type\":\"ReadAction\",\"target\":[\"https:\\\/\\\/vengria.info\\\/?p=11187\"]}]},{\"@type\":\"ImageObject\",\"inLanguage\":\"en-US\",\"@id\":\"https:\\\/\\\/vengria.info\\\/?p=11187#primaryimage\",\"url\":\"https:\\\/\\\/vengria.info\\\/wp-content\\\/uploads\\\/2026\\\/04\\\/9as65d1as65d3a1.png\",\"contentUrl\":\"https:\\\/\\\/vengria.info\\\/wp-content\\\/uploads\\\/2026\\\/04\\\/9as65d1as65d3a1.png\",\"width\":500,\"height\":621},{\"@type\":\"BreadcrumbList\",\"@id\":\"https:\\\/\\\/vengria.info\\\/?p=11187#breadcrumb\",\"itemListElement\":[{\"@type\":\"ListItem\",\"position\":1,\"name\":\"Home\",\"item\":\"https:\\\/\\\/vengria.info\\\/\"},{\"@type\":\"ListItem\",\"position\":2,\"name\":\"Mariana Vald\u00e9s a nevem. Hatvannyolc \u00e9ves vagyok, \u00e9s az emberek gyakran k\u00e9t dolgot gondolnak r\u00f3lam: hogy csendes vagyok, \u00e9s hogy semmit sem \u00e9rtek.\"}]},{\"@type\":\"WebSite\",\"@id\":\"https:\\\/\\\/vengria.info\\\/#website\",\"url\":\"https:\\\/\\\/vengria.info\\\/\",\"name\":\"\",\"description\":\"\",\"potentialAction\":[{\"@type\":\"SearchAction\",\"target\":{\"@type\":\"EntryPoint\",\"urlTemplate\":\"https:\\\/\\\/vengria.info\\\/?s={search_term_string}\"},\"query-input\":{\"@type\":\"PropertyValueSpecification\",\"valueRequired\":true,\"valueName\":\"search_term_string\"}}],\"inLanguage\":\"en-US\"},{\"@type\":\"Person\",\"@id\":\"https:\\\/\\\/vengria.info\\\/#\\\/schema\\\/person\\\/b815b04a6b1fb36a2d064955a92f68d4\",\"name\":\"admin\",\"image\":{\"@type\":\"ImageObject\",\"inLanguage\":\"en-US\",\"@id\":\"https:\\\/\\\/secure.gravatar.com\\\/avatar\\\/a29bad30ab19883c48927f9ee55a40d0d1a0c3c343bcef70ad9a0a9cb421f0fa?s=96&d=mm&r=g\",\"url\":\"https:\\\/\\\/secure.gravatar.com\\\/avatar\\\/a29bad30ab19883c48927f9ee55a40d0d1a0c3c343bcef70ad9a0a9cb421f0fa?s=96&d=mm&r=g\",\"contentUrl\":\"https:\\\/\\\/secure.gravatar.com\\\/avatar\\\/a29bad30ab19883c48927f9ee55a40d0d1a0c3c343bcef70ad9a0a9cb421f0fa?s=96&d=mm&r=g\",\"caption\":\"admin\"},\"sameAs\":[\"http:\\\/\\\/vengria.info\"],\"url\":\"https:\\\/\\\/vengria.info\\\/?author=1\"}]}<\/script>\n<!-- \/ Yoast SEO plugin. -->","yoast_head_json":{"title":"Mariana Vald\u00e9s a nevem. Hatvannyolc \u00e9ves vagyok, \u00e9s az emberek gyakran k\u00e9t dolgot gondolnak r\u00f3lam: hogy csendes vagyok, \u00e9s hogy semmit sem \u00e9rtek. -","robots":{"index":"index","follow":"follow","max-snippet":"max-snippet:-1","max-image-preview":"max-image-preview:large","max-video-preview":"max-video-preview:-1"},"canonical":"https:\/\/vengria.info\/?p=11187","og_locale":"en_US","og_type":"article","og_title":"Mariana Vald\u00e9s a nevem. Hatvannyolc \u00e9ves vagyok, \u00e9s az emberek gyakran k\u00e9t dolgot gondolnak r\u00f3lam: hogy csendes vagyok, \u00e9s hogy semmit sem \u00e9rtek. -","og_description":"Az els\u0151 n\u00e9ha igaz. A m\u00e1sodik szinte soha nem igaz. A fiam, Eduardo megh\u00edvott egy \u00fczleti vacsor\u00e1ra egy francia \u00fcgyf\u00e9llel. Maga a megh\u00edv\u00e1s","og_url":"https:\/\/vengria.info\/?p=11187","article_published_time":"2026-04-28T08:35:14+00:00","article_modified_time":"2026-04-28T08:35:16+00:00","og_image":[{"width":500,"height":621,"url":"https:\/\/vengria.info\/wp-content\/uploads\/2026\/04\/9as65d1as65d3a1.png","type":"image\/png"}],"author":"admin","twitter_card":"summary_large_image","twitter_misc":{"Written by":"admin","Est. reading time":"4 minutes"},"schema":{"@context":"https:\/\/schema.org","@graph":[{"@type":"Article","@id":"https:\/\/vengria.info\/?p=11187#article","isPartOf":{"@id":"https:\/\/vengria.info\/?p=11187"},"author":{"name":"admin","@id":"https:\/\/vengria.info\/#\/schema\/person\/b815b04a6b1fb36a2d064955a92f68d4"},"headline":"Mariana Vald\u00e9s a nevem. Hatvannyolc \u00e9ves vagyok, \u00e9s az emberek gyakran k\u00e9t dolgot gondolnak r\u00f3lam: hogy csendes vagyok, \u00e9s hogy semmit sem \u00e9rtek.","datePublished":"2026-04-28T08:35:14+00:00","dateModified":"2026-04-28T08:35:16+00:00","mainEntityOfPage":{"@id":"https:\/\/vengria.info\/?p=11187"},"wordCount":1036,"commentCount":0,"image":{"@id":"https:\/\/vengria.info\/?p=11187#primaryimage"},"thumbnailUrl":"https:\/\/vengria.info\/wp-content\/uploads\/2026\/04\/9as65d1as65d3a1.png","articleSection":["NEWS","VIDEO"],"inLanguage":"en-US","potentialAction":[{"@type":"CommentAction","name":"Comment","target":["https:\/\/vengria.info\/?p=11187#respond"]}]},{"@type":"WebPage","@id":"https:\/\/vengria.info\/?p=11187","url":"https:\/\/vengria.info\/?p=11187","name":"Mariana Vald\u00e9s a nevem. Hatvannyolc \u00e9ves vagyok, \u00e9s az emberek gyakran k\u00e9t dolgot gondolnak r\u00f3lam: hogy csendes vagyok, \u00e9s hogy semmit sem \u00e9rtek. -","isPartOf":{"@id":"https:\/\/vengria.info\/#website"},"primaryImageOfPage":{"@id":"https:\/\/vengria.info\/?p=11187#primaryimage"},"image":{"@id":"https:\/\/vengria.info\/?p=11187#primaryimage"},"thumbnailUrl":"https:\/\/vengria.info\/wp-content\/uploads\/2026\/04\/9as65d1as65d3a1.png","datePublished":"2026-04-28T08:35:14+00:00","dateModified":"2026-04-28T08:35:16+00:00","author":{"@id":"https:\/\/vengria.info\/#\/schema\/person\/b815b04a6b1fb36a2d064955a92f68d4"},"breadcrumb":{"@id":"https:\/\/vengria.info\/?p=11187#breadcrumb"},"inLanguage":"en-US","potentialAction":[{"@type":"ReadAction","target":["https:\/\/vengria.info\/?p=11187"]}]},{"@type":"ImageObject","inLanguage":"en-US","@id":"https:\/\/vengria.info\/?p=11187#primaryimage","url":"https:\/\/vengria.info\/wp-content\/uploads\/2026\/04\/9as65d1as65d3a1.png","contentUrl":"https:\/\/vengria.info\/wp-content\/uploads\/2026\/04\/9as65d1as65d3a1.png","width":500,"height":621},{"@type":"BreadcrumbList","@id":"https:\/\/vengria.info\/?p=11187#breadcrumb","itemListElement":[{"@type":"ListItem","position":1,"name":"Home","item":"https:\/\/vengria.info\/"},{"@type":"ListItem","position":2,"name":"Mariana Vald\u00e9s a nevem. Hatvannyolc \u00e9ves vagyok, \u00e9s az emberek gyakran k\u00e9t dolgot gondolnak r\u00f3lam: hogy csendes vagyok, \u00e9s hogy semmit sem \u00e9rtek."}]},{"@type":"WebSite","@id":"https:\/\/vengria.info\/#website","url":"https:\/\/vengria.info\/","name":"","description":"","potentialAction":[{"@type":"SearchAction","target":{"@type":"EntryPoint","urlTemplate":"https:\/\/vengria.info\/?s={search_term_string}"},"query-input":{"@type":"PropertyValueSpecification","valueRequired":true,"valueName":"search_term_string"}}],"inLanguage":"en-US"},{"@type":"Person","@id":"https:\/\/vengria.info\/#\/schema\/person\/b815b04a6b1fb36a2d064955a92f68d4","name":"admin","image":{"@type":"ImageObject","inLanguage":"en-US","@id":"https:\/\/secure.gravatar.com\/avatar\/a29bad30ab19883c48927f9ee55a40d0d1a0c3c343bcef70ad9a0a9cb421f0fa?s=96&d=mm&r=g","url":"https:\/\/secure.gravatar.com\/avatar\/a29bad30ab19883c48927f9ee55a40d0d1a0c3c343bcef70ad9a0a9cb421f0fa?s=96&d=mm&r=g","contentUrl":"https:\/\/secure.gravatar.com\/avatar\/a29bad30ab19883c48927f9ee55a40d0d1a0c3c343bcef70ad9a0a9cb421f0fa?s=96&d=mm&r=g","caption":"admin"},"sameAs":["http:\/\/vengria.info"],"url":"https:\/\/vengria.info\/?author=1"}]}},"_links":{"self":[{"href":"https:\/\/vengria.info\/index.php?rest_route=\/wp\/v2\/posts\/11187","targetHints":{"allow":["GET"]}}],"collection":[{"href":"https:\/\/vengria.info\/index.php?rest_route=\/wp\/v2\/posts"}],"about":[{"href":"https:\/\/vengria.info\/index.php?rest_route=\/wp\/v2\/types\/post"}],"author":[{"embeddable":true,"href":"https:\/\/vengria.info\/index.php?rest_route=\/wp\/v2\/users\/1"}],"replies":[{"embeddable":true,"href":"https:\/\/vengria.info\/index.php?rest_route=%2Fwp%2Fv2%2Fcomments&post=11187"}],"version-history":[{"count":1,"href":"https:\/\/vengria.info\/index.php?rest_route=\/wp\/v2\/posts\/11187\/revisions"}],"predecessor-version":[{"id":11191,"href":"https:\/\/vengria.info\/index.php?rest_route=\/wp\/v2\/posts\/11187\/revisions\/11191"}],"wp:featuredmedia":[{"embeddable":true,"href":"https:\/\/vengria.info\/index.php?rest_route=\/wp\/v2\/media\/11189"}],"wp:attachment":[{"href":"https:\/\/vengria.info\/index.php?rest_route=%2Fwp%2Fv2%2Fmedia&parent=11187"}],"wp:term":[{"taxonomy":"category","embeddable":true,"href":"https:\/\/vengria.info\/index.php?rest_route=%2Fwp%2Fv2%2Fcategories&post=11187"},{"taxonomy":"post_tag","embeddable":true,"href":"https:\/\/vengria.info\/index.php?rest_route=%2Fwp%2Fv2%2Ftags&post=11187"}],"curies":[{"name":"wp","href":"https:\/\/api.w.org\/{rel}","templated":true}]}}