{"id":11173,"date":"2026-04-28T08:08:14","date_gmt":"2026-04-28T08:08:14","guid":{"rendered":"https:\/\/vengria.info\/?p=11173"},"modified":"2026-04-28T08:08:15","modified_gmt":"2026-04-28T08:08:15","slug":"mar-harom-napja-a-malacom-duhosen-asott-ugyanazon-a-helyen-az-istallo-mogott","status":"publish","type":"post","link":"https:\/\/vengria.info\/?p=11173","title":{"rendered":"M\u00e1r h\u00e1rom napja a malacom d\u00fch\u00f6sen \u00e1sott ugyanazon a helyen az ist\u00e1ll\u00f3 m\u00f6g\u00f6tt."},"content":{"rendered":"\n<p>Nem csak \u00e1sott. Nem j\u00e1tszott, \u00e9s nem is gy\u00f6kereket keresett. Minden reggel berohant, mintha pontosan tudn\u00e1, mi rejt\u0151zik a f\u00f6ld alatt. Elh\u00faztam, \u00fcld\u00f6ztem, csalogattam enni, de mindig visszat\u00e9rt ugyanarra a helyre, a r\u00e9gi ker\u00edt\u00e9shez.<\/p>\n\n\n\n<p>El\u0151sz\u00f6r nevets\u00e9gesnek tartottam.<\/p>\n\n\n\n<p>\u201eBiztos meg\u0151r\u00fclt\u201d \u2013 gondoltam.<\/p>\n\n\n\n<p>De a harmadik napra m\u00e1r nem nevettem.<\/p>\n\n\n\n<p>H\u0171v\u00f6s reggel volt, \u00e9s az udvart l\u00e1gy napf\u00e9ny f\u00fcrdette. A leveg\u0151ben nedves f\u00f6ld \u00e9s sz\u00e9na illata terjengett. A malac a lyukban \u00e1llt, majdnem hasig \u00e9r\u0151en, \u00e9s olyan hangosan f\u00fajt, hogy s\u00e1r rep\u00fclt az orr\u00e1b\u00f3l. Amikor megl\u00e1tott, h\u00e1tr\u00e1lt, \u00e9s olyan tekintettel n\u00e9zett r\u00e1m, ami nem tetszett.<\/p>\n\n\n\n<p>Mintha v\u00e1rna.<\/p>\n\n\n\n<p>Felvettem az \u00e1s\u00f3t.<\/p>\n\n\n\n<p>\u201eRendben. L\u00e1ssuk, mi \u00e9rdekel annyira.\u201d<\/p>\n\n\n\n<p>Elkezdtem \u00e1sni azon a helyen, ahol a f\u00f6ldet m\u00e1r felt\u00f6rt\u00e9k. Az agyag puha volt \u00e9s k\u00f6nnyen f\u00e9lre lehetett h\u00fazni. A diszn\u00f3 nem messze \u00e1llt, szokatlanul csendben.<\/p>\n\n\n\n<p>N\u00e9h\u00e1ny perc m\u00falva ellen\u00e1ll\u00e1st \u00e9reztem.<\/p>\n\n\n\n<figure class=\"wp-block-image size-full is-resized\"><img loading=\"lazy\" decoding=\"async\" width=\"417\" height=\"567\" src=\"https:\/\/vengria.info\/wp-content\/uploads\/2026\/04\/asdas6f53dsa1f65ds3af10.png\" alt=\"\" class=\"wp-image-11175\" style=\"width:747px;height:auto\" srcset=\"https:\/\/vengria.info\/wp-content\/uploads\/2026\/04\/asdas6f53dsa1f65ds3af10.png 417w, https:\/\/vengria.info\/wp-content\/uploads\/2026\/04\/asdas6f53dsa1f65ds3af10-221x300.png 221w\" sizes=\"auto, (max-width: 417px) 100vw, 417px\" \/><\/figure>\n\n\n\n<p>A f\u00e9m valaminek \u00fctk\u00f6z\u00f6tt.<\/p>\n\n\n\n<p>Megdermedtem.<\/p>\n\n\n\n<p>Felt\u00e1rtam egy \u00fajabb f\u00f6ldr\u00e9teget, \u00e9s egy darab s\u00f6t\u00e9tk\u00e9k, s\u00e1rral \u00e1titatott sz\u00f6vetre bukkantam. \u00dagy n\u00e9zett ki, mint egy r\u00e9gi munk\u00e1skab\u00e1t r\u00e9sze.<\/p>\n\n\n\n<p>Hideg futott v\u00e9gig a gerincemen.<\/p>\n\n\n\n<p>A helysz\u00edn nem v\u00e9letlen volt.<\/p>\n\n\n\n<p>Let\u00e9rdeltem, \u00e9s elkezdtem a kezemmel lap\u00e1tolni a f\u00f6ldet. A sz\u00f6vet alatt egy b\u0151r\u00f6v bukkant el\u0151. Azt\u00e1n egy csontos k\u00e9z.<\/p>\n\n\n\n<p>Olyan hangosan sik\u00edtottam, hogy a csirk\u00e9k sz\u00e9tsz\u00f3r\u00f3dtak az udvaron.<\/p>\n\n\n\n<p>H\u00e1tral\u00e9ptem, a lap\u00e1t kiesett a kezemb\u0151l. A diszn\u00f3 felhorkant, \u00e9s az \u00f3l fel\u00e9 h\u00e1tr\u00e1lt.<\/p>\n\n\n\n<p>Remeg\u0151 ujjakkal h\u00edvtam a rend\u0151rs\u00e9get.<\/p>\n\n\n\n<p>H\u00fasz perc m\u00falva meg\u00e9rkeztek. Ragaszt\u00f3szalaggal lez\u00e1rt\u00e1k a helyet, \u00e9s elkezdt\u00e9k \u00f3vatosan felt\u00e1rni a test t\u00f6bbi r\u00e9sz\u00e9t. Emberi maradv\u00e1nyok voltak, sek\u00e9lyen eltemetve, alig egy m\u00e9terrel a f\u00f6ld alatt.<\/p>\n\n\n\n<p>A f\u00e9rfi overall maradv\u00e1nyokat viselt, \u00e9s egy rozsd\u00e1s f\u00e9m med\u00e1l volt a zseb\u00e9ben, v\u00e9sett kezd\u0151bet\u0171kkel.<\/p>\n\n\n\n<p>J. K.<\/p>\n\n\n\n<p>Felismertem ezeket a kezd\u0151bet\u0171ket.<\/p>\n\n\n\n<p>Jaroslav Kone\u010dn\u00fd\u00e9i voltak.<\/p>\n\n\n\n<p>A volt szomsz\u00e9dom\u00e9.<\/p>\n\n\n\n<p>Tizenk\u00e9t \u00e9vvel ezel\u0151tt elt\u0171nt.<\/p>\n\n\n\n<p>Akkoriban arr\u00f3l besz\u00e9ltek, hogy ad\u00f3ss\u00e1gai miatt sz\u00f6k\u00f6tt meg. \u00dcresen hagyta a h\u00e1zat, az aut\u00f3 elt\u0171nt, \u00e9s az\u00f3ta senki sem l\u00e1tta. Az emberek azt suttogt\u00e1k, hogy k\u00fclf\u00f6ld\u00f6n kezdett \u00faj \u00e9letet.<\/p>\n\n\n\n<p>A rend\u0151rs\u00e9g \u00f6nk\u00e9ntes elt\u0171n\u00e9sk\u00e9nt z\u00e1rta le az \u00fcgyet.<\/p>\n\n\n\n<p>De Jaroslav sehov\u00e1 sem ment.<\/p>\n\n\n\n<p>Eg\u00e9sz id\u0151 alatt a pajt\u00e1m m\u00f6g\u00f6tt volt eltemetve.<\/p>\n\n\n\n<p>A k\u00f6vetkez\u0151 napok olyanok voltak, mint egy k\u00fclf\u00f6ldi filmben. A nyomoz\u00f3k minden apr\u00f3s\u00e1got kik\u00e9rdeztek. Amikor bek\u00f6lt\u00f6zt\u00fcnk, kik laktak itt el\u0151tt\u00fcnk, eml\u00e9kszem-e valami gyan\u00fasra.<\/p>\n\n\n\n<p>Nyolc \u00e9vvel ezel\u0151tt vettem a h\u00e1zat Franti\u0161ek Vrba \u00f6zvegy\u00e9t\u0151l, a szomsz\u00e9dos f\u00f6ld tulajdonos\u00e1t\u00f3l, \u00e9s egy \u00e9vvel az elad\u00e1s ut\u00e1n meghalt.<\/p>\n\n\n\n<p>Csendes, csendes fick\u00f3.<\/p>\n\n\n\n<p>Senki sem sz\u00f3lt hozz\u00e1 semmit.<\/p>\n\n\n\n<p>Azt\u00e1n meg\u00e9rkezett a t\u00f6rv\u00e9nysz\u00e9ki jelent\u00e9s.<\/p>\n\n\n\n<p>Jaroslav er\u0151szakos hal\u00e1lt halt.<\/p>\n\n\n\n<p>Egy \u00fct\u00e9s a fej h\u00e1ts\u00f3 r\u00e9sz\u00e9re.<\/p>\n\n\n\n<p>A hal\u00e1l id\u0151pontja pontosan megegyezett elt\u0171n\u00e9s\u00e9nek id\u0151pontj\u00e1val.<\/p>\n\n\n\n<p>A nyomoz\u00f3k \u00fajra elkezdt\u00e9k \u00e1tn\u00e9zni a r\u00e9gi akt\u00e1kban. Kider\u00fclt, hogy Jaroslav vitatkozott Franti\u0161ek Vrb\u00e1val a telekhat\u00e1rr\u00f3l. H\u00f3napokig vitatkoztak. A tan\u00fak fenyeget\u00e9seket hallottak. Egyszer m\u00e9g egy kocsm\u00e1ban is \u00f6sszeverekedtek.<\/p>\n\n\n\n<p>Akkoriban senki sem vette komolyan.<\/p>\n\n\n\n<p>Azt\u00e1n Jaroslav &#8220;elt\u0171nt&#8221;, \u00e9s Franti\u0161ek azt \u00e1ll\u00edtotta, hogy semmit sem tudott.<\/p>\n\n\n\n<p>A halott f\u00e9rfi m\u00e1r nem tudta megv\u00e9deni mag\u00e1t. De a talaj mindenre eml\u00e9kezett.<\/p>\n\n\n\n<p>\u00c9s a diszn\u00f3m is.<\/p>\n\n\n\n<p>A nyomoz\u00f3k az arch\u00edv fot\u00f3k k\u00f6z\u00f6tt tal\u00e1ltak egy r\u00e9gi fot\u00f3t az udvarr\u00f3l. A ker\u00edt\u00e9s r\u00e9gen n\u00e9h\u00e1ny m\u00e9terre \u00e1llt. Pontosan ott, ahol az \u00e1llat \u00e1sott. Amikor megvett\u00fck a f\u00f6ldet, a terep egy r\u00e9sz\u00e9t \u00faj f\u00f6lddel t\u00f6lt\u00f6tt\u00fck fel.<\/p>\n\n\n\n<p>Valaki azt akarta, hogy a hely \u00f6r\u00f6kre elt\u0171nj\u00f6n.<\/p>\n\n\n\n<p>Nem t\u00f6rt\u00e9nt.<\/p>\n\n\n\n<p>Miut\u00e1n az eset nyilv\u00e1noss\u00e1gra ker\u00fclt, a k\u00f6rny\u00e9kbeliek megsz\u00f3laltak. Egy id\u0151s f\u00e9rfi eml\u00e9kezett r\u00e1, hogy Jaroslav elt\u0171n\u00e9se ut\u00e1ni \u00e9jszak\u00e1n traktort hallott. Egy m\u00e1sik n\u0151 arra eml\u00e9kezett, hogy Franti\u0161ek m\u00e1snap ruh\u00e1kat \u00e9getett a pajta m\u00f6g\u00f6tt.<\/p>\n\n\n\n<p>A kirak\u00f3s darabjai kezdtek \u00f6ssze\u00e1llni.<\/p>\n\n\n\n<p>T\u00e1rgyal\u00e1s soha nem volt. A f\u0151 gyan\u00fas\u00edtott m\u00e1r r\u00e9g halott volt. De Jaroslav csal\u00e1dja tizenk\u00e9t \u00e9v v\u00e1rakoz\u00e1s ut\u00e1n v\u00e9gre v\u00e1laszt kapott.<\/p>\n\n\n\n<p>A l\u00e1nya megl\u00e1togatott.<\/p>\n\n\n\n<p>Az udvaron \u00e1llt, a ki\u00e1sott helyre n\u00e9zett \u00e9s s\u00edrt.<\/p>\n\n\n\n<p>\u201e\u00c9vekig azt hitt\u00fck, hogy elhagyott minket\u201d \u2013 mondta halkan. \u201eUt\u00e1ltam \u00e9rte.\u201d<\/p>\n\n\n\n<p>Nem tudtam, mit mondjak.<\/p>\n\n\n\n<p>Csak a v\u00e1ll\u00e1ra tettem a kezem.<\/p>\n\n\n\n<p>Ahogy elment, meg\u00e1llt a diszn\u00f3\u00f3l mellett. A diszn\u00f3m el\u00e9gedetten fek\u00fcdt a szalm\u00e1ban, mintha az eg\u00e9sz nem is \u00e9rdekeln\u00e9.<\/p>\n\n\n\n<p>K\u00f6nnyeken \u00e1t mosolygott.<\/p>\n\n\n\n<p>\u201eEz az \u00e1llat visszaadta nek\u00fcnk az ap\u00e1nkat.\u201d<\/p>\n\n\n\n<p>Az\u00f3ta m\u00e1sk\u00e9pp tekintek r\u00e1.<\/p>\n\n\n\n<p>Nem csak egy hangoskod\u00f3 kertpuszt\u00edt\u00f3.<\/p>\n\n\n\n<p>Egy olyan teremtm\u00e9ny, amely makacsul \u00e1sott ugyanazon a helyen h\u00e1rom napig, am\u00edg kider\u00fclt az igazs\u00e1g.<\/p>\n","protected":false},"excerpt":{"rendered":"Nem csak \u00e1sott. Nem j\u00e1tszott, \u00e9s nem is gy\u00f6kereket keresett. Minden reggel berohant, mintha pontosan tudn\u00e1, mi rejt\u0151zik a f\u00f6ld alatt. Elh\u00faztam, \u00fcld\u00f6ztem, \n<a class=\"moretag\" href=\"https:\/\/vengria.info\/?p=11173\"> [...]<\/a>","protected":false},"author":1,"featured_media":11175,"comment_status":"open","ping_status":"open","sticky":false,"template":"","format":"standard","meta":{"footnotes":""},"categories":[1,2],"tags":[],"class_list":["post-11173","post","type-post","status-publish","format-standard","has-post-thumbnail","hentry","category-news","category-video"],"yoast_head":"<!-- This site is optimized with the Yoast SEO plugin v27.3 - https:\/\/yoast.com\/product\/yoast-seo-wordpress\/ -->\n<title>M\u00e1r h\u00e1rom napja a malacom d\u00fch\u00f6sen \u00e1sott ugyanazon a helyen az ist\u00e1ll\u00f3 m\u00f6g\u00f6tt. -<\/title>\n<meta name=\"robots\" content=\"index, follow, max-snippet:-1, max-image-preview:large, max-video-preview:-1\" \/>\n<link rel=\"canonical\" href=\"https:\/\/vengria.info\/?p=11173\" \/>\n<meta property=\"og:locale\" content=\"en_US\" \/>\n<meta property=\"og:type\" content=\"article\" \/>\n<meta property=\"og:title\" content=\"M\u00e1r h\u00e1rom napja a malacom d\u00fch\u00f6sen \u00e1sott ugyanazon a helyen az ist\u00e1ll\u00f3 m\u00f6g\u00f6tt. -\" \/>\n<meta property=\"og:description\" content=\"Nem csak \u00e1sott. Nem j\u00e1tszott, \u00e9s nem is gy\u00f6kereket keresett. Minden reggel berohant, mintha pontosan tudn\u00e1, mi rejt\u0151zik a f\u00f6ld alatt. Elh\u00faztam, \u00fcld\u00f6ztem,\" \/>\n<meta property=\"og:url\" content=\"https:\/\/vengria.info\/?p=11173\" \/>\n<meta property=\"article:published_time\" content=\"2026-04-28T08:08:14+00:00\" \/>\n<meta property=\"article:modified_time\" content=\"2026-04-28T08:08:15+00:00\" \/>\n<meta property=\"og:image\" content=\"https:\/\/vengria.info\/wp-content\/uploads\/2026\/04\/asdas6f53dsa1f65ds3af10.png\" \/>\n\t<meta property=\"og:image:width\" content=\"417\" \/>\n\t<meta property=\"og:image:height\" content=\"567\" \/>\n\t<meta property=\"og:image:type\" content=\"image\/png\" \/>\n<meta name=\"author\" content=\"admin\" \/>\n<meta name=\"twitter:card\" content=\"summary_large_image\" \/>\n<meta name=\"twitter:label1\" content=\"Written by\" \/>\n\t<meta name=\"twitter:data1\" content=\"admin\" \/>\n\t<meta name=\"twitter:label2\" content=\"Est. reading time\" \/>\n\t<meta name=\"twitter:data2\" content=\"4 minutes\" \/>\n<script type=\"application\/ld+json\" class=\"yoast-schema-graph\">{\"@context\":\"https:\\\/\\\/schema.org\",\"@graph\":[{\"@type\":\"Article\",\"@id\":\"https:\\\/\\\/vengria.info\\\/?p=11173#article\",\"isPartOf\":{\"@id\":\"https:\\\/\\\/vengria.info\\\/?p=11173\"},\"author\":{\"name\":\"admin\",\"@id\":\"https:\\\/\\\/vengria.info\\\/#\\\/schema\\\/person\\\/b815b04a6b1fb36a2d064955a92f68d4\"},\"headline\":\"M\u00e1r h\u00e1rom napja a malacom d\u00fch\u00f6sen \u00e1sott ugyanazon a helyen az ist\u00e1ll\u00f3 m\u00f6g\u00f6tt.\",\"datePublished\":\"2026-04-28T08:08:14+00:00\",\"dateModified\":\"2026-04-28T08:08:15+00:00\",\"mainEntityOfPage\":{\"@id\":\"https:\\\/\\\/vengria.info\\\/?p=11173\"},\"wordCount\":976,\"commentCount\":0,\"image\":{\"@id\":\"https:\\\/\\\/vengria.info\\\/?p=11173#primaryimage\"},\"thumbnailUrl\":\"https:\\\/\\\/vengria.info\\\/wp-content\\\/uploads\\\/2026\\\/04\\\/asdas6f53dsa1f65ds3af10.png\",\"articleSection\":[\"NEWS\",\"VIDEO\"],\"inLanguage\":\"en-US\",\"potentialAction\":[{\"@type\":\"CommentAction\",\"name\":\"Comment\",\"target\":[\"https:\\\/\\\/vengria.info\\\/?p=11173#respond\"]}]},{\"@type\":\"WebPage\",\"@id\":\"https:\\\/\\\/vengria.info\\\/?p=11173\",\"url\":\"https:\\\/\\\/vengria.info\\\/?p=11173\",\"name\":\"M\u00e1r h\u00e1rom napja a malacom d\u00fch\u00f6sen \u00e1sott ugyanazon a helyen az ist\u00e1ll\u00f3 m\u00f6g\u00f6tt. -\",\"isPartOf\":{\"@id\":\"https:\\\/\\\/vengria.info\\\/#website\"},\"primaryImageOfPage\":{\"@id\":\"https:\\\/\\\/vengria.info\\\/?p=11173#primaryimage\"},\"image\":{\"@id\":\"https:\\\/\\\/vengria.info\\\/?p=11173#primaryimage\"},\"thumbnailUrl\":\"https:\\\/\\\/vengria.info\\\/wp-content\\\/uploads\\\/2026\\\/04\\\/asdas6f53dsa1f65ds3af10.png\",\"datePublished\":\"2026-04-28T08:08:14+00:00\",\"dateModified\":\"2026-04-28T08:08:15+00:00\",\"author\":{\"@id\":\"https:\\\/\\\/vengria.info\\\/#\\\/schema\\\/person\\\/b815b04a6b1fb36a2d064955a92f68d4\"},\"breadcrumb\":{\"@id\":\"https:\\\/\\\/vengria.info\\\/?p=11173#breadcrumb\"},\"inLanguage\":\"en-US\",\"potentialAction\":[{\"@type\":\"ReadAction\",\"target\":[\"https:\\\/\\\/vengria.info\\\/?p=11173\"]}]},{\"@type\":\"ImageObject\",\"inLanguage\":\"en-US\",\"@id\":\"https:\\\/\\\/vengria.info\\\/?p=11173#primaryimage\",\"url\":\"https:\\\/\\\/vengria.info\\\/wp-content\\\/uploads\\\/2026\\\/04\\\/asdas6f53dsa1f65ds3af10.png\",\"contentUrl\":\"https:\\\/\\\/vengria.info\\\/wp-content\\\/uploads\\\/2026\\\/04\\\/asdas6f53dsa1f65ds3af10.png\",\"width\":417,\"height\":567},{\"@type\":\"BreadcrumbList\",\"@id\":\"https:\\\/\\\/vengria.info\\\/?p=11173#breadcrumb\",\"itemListElement\":[{\"@type\":\"ListItem\",\"position\":1,\"name\":\"Home\",\"item\":\"https:\\\/\\\/vengria.info\\\/\"},{\"@type\":\"ListItem\",\"position\":2,\"name\":\"M\u00e1r h\u00e1rom napja a malacom d\u00fch\u00f6sen \u00e1sott ugyanazon a helyen az ist\u00e1ll\u00f3 m\u00f6g\u00f6tt.\"}]},{\"@type\":\"WebSite\",\"@id\":\"https:\\\/\\\/vengria.info\\\/#website\",\"url\":\"https:\\\/\\\/vengria.info\\\/\",\"name\":\"\",\"description\":\"\",\"potentialAction\":[{\"@type\":\"SearchAction\",\"target\":{\"@type\":\"EntryPoint\",\"urlTemplate\":\"https:\\\/\\\/vengria.info\\\/?s={search_term_string}\"},\"query-input\":{\"@type\":\"PropertyValueSpecification\",\"valueRequired\":true,\"valueName\":\"search_term_string\"}}],\"inLanguage\":\"en-US\"},{\"@type\":\"Person\",\"@id\":\"https:\\\/\\\/vengria.info\\\/#\\\/schema\\\/person\\\/b815b04a6b1fb36a2d064955a92f68d4\",\"name\":\"admin\",\"image\":{\"@type\":\"ImageObject\",\"inLanguage\":\"en-US\",\"@id\":\"https:\\\/\\\/secure.gravatar.com\\\/avatar\\\/a29bad30ab19883c48927f9ee55a40d0d1a0c3c343bcef70ad9a0a9cb421f0fa?s=96&d=mm&r=g\",\"url\":\"https:\\\/\\\/secure.gravatar.com\\\/avatar\\\/a29bad30ab19883c48927f9ee55a40d0d1a0c3c343bcef70ad9a0a9cb421f0fa?s=96&d=mm&r=g\",\"contentUrl\":\"https:\\\/\\\/secure.gravatar.com\\\/avatar\\\/a29bad30ab19883c48927f9ee55a40d0d1a0c3c343bcef70ad9a0a9cb421f0fa?s=96&d=mm&r=g\",\"caption\":\"admin\"},\"sameAs\":[\"http:\\\/\\\/vengria.info\"],\"url\":\"https:\\\/\\\/vengria.info\\\/?author=1\"}]}<\/script>\n<!-- \/ Yoast SEO plugin. -->","yoast_head_json":{"title":"M\u00e1r h\u00e1rom napja a malacom d\u00fch\u00f6sen \u00e1sott ugyanazon a helyen az ist\u00e1ll\u00f3 m\u00f6g\u00f6tt. -","robots":{"index":"index","follow":"follow","max-snippet":"max-snippet:-1","max-image-preview":"max-image-preview:large","max-video-preview":"max-video-preview:-1"},"canonical":"https:\/\/vengria.info\/?p=11173","og_locale":"en_US","og_type":"article","og_title":"M\u00e1r h\u00e1rom napja a malacom d\u00fch\u00f6sen \u00e1sott ugyanazon a helyen az ist\u00e1ll\u00f3 m\u00f6g\u00f6tt. -","og_description":"Nem csak \u00e1sott. Nem j\u00e1tszott, \u00e9s nem is gy\u00f6kereket keresett. Minden reggel berohant, mintha pontosan tudn\u00e1, mi rejt\u0151zik a f\u00f6ld alatt. Elh\u00faztam, \u00fcld\u00f6ztem,","og_url":"https:\/\/vengria.info\/?p=11173","article_published_time":"2026-04-28T08:08:14+00:00","article_modified_time":"2026-04-28T08:08:15+00:00","og_image":[{"width":417,"height":567,"url":"https:\/\/vengria.info\/wp-content\/uploads\/2026\/04\/asdas6f53dsa1f65ds3af10.png","type":"image\/png"}],"author":"admin","twitter_card":"summary_large_image","twitter_misc":{"Written by":"admin","Est. reading time":"4 minutes"},"schema":{"@context":"https:\/\/schema.org","@graph":[{"@type":"Article","@id":"https:\/\/vengria.info\/?p=11173#article","isPartOf":{"@id":"https:\/\/vengria.info\/?p=11173"},"author":{"name":"admin","@id":"https:\/\/vengria.info\/#\/schema\/person\/b815b04a6b1fb36a2d064955a92f68d4"},"headline":"M\u00e1r h\u00e1rom napja a malacom d\u00fch\u00f6sen \u00e1sott ugyanazon a helyen az ist\u00e1ll\u00f3 m\u00f6g\u00f6tt.","datePublished":"2026-04-28T08:08:14+00:00","dateModified":"2026-04-28T08:08:15+00:00","mainEntityOfPage":{"@id":"https:\/\/vengria.info\/?p=11173"},"wordCount":976,"commentCount":0,"image":{"@id":"https:\/\/vengria.info\/?p=11173#primaryimage"},"thumbnailUrl":"https:\/\/vengria.info\/wp-content\/uploads\/2026\/04\/asdas6f53dsa1f65ds3af10.png","articleSection":["NEWS","VIDEO"],"inLanguage":"en-US","potentialAction":[{"@type":"CommentAction","name":"Comment","target":["https:\/\/vengria.info\/?p=11173#respond"]}]},{"@type":"WebPage","@id":"https:\/\/vengria.info\/?p=11173","url":"https:\/\/vengria.info\/?p=11173","name":"M\u00e1r h\u00e1rom napja a malacom d\u00fch\u00f6sen \u00e1sott ugyanazon a helyen az ist\u00e1ll\u00f3 m\u00f6g\u00f6tt. -","isPartOf":{"@id":"https:\/\/vengria.info\/#website"},"primaryImageOfPage":{"@id":"https:\/\/vengria.info\/?p=11173#primaryimage"},"image":{"@id":"https:\/\/vengria.info\/?p=11173#primaryimage"},"thumbnailUrl":"https:\/\/vengria.info\/wp-content\/uploads\/2026\/04\/asdas6f53dsa1f65ds3af10.png","datePublished":"2026-04-28T08:08:14+00:00","dateModified":"2026-04-28T08:08:15+00:00","author":{"@id":"https:\/\/vengria.info\/#\/schema\/person\/b815b04a6b1fb36a2d064955a92f68d4"},"breadcrumb":{"@id":"https:\/\/vengria.info\/?p=11173#breadcrumb"},"inLanguage":"en-US","potentialAction":[{"@type":"ReadAction","target":["https:\/\/vengria.info\/?p=11173"]}]},{"@type":"ImageObject","inLanguage":"en-US","@id":"https:\/\/vengria.info\/?p=11173#primaryimage","url":"https:\/\/vengria.info\/wp-content\/uploads\/2026\/04\/asdas6f53dsa1f65ds3af10.png","contentUrl":"https:\/\/vengria.info\/wp-content\/uploads\/2026\/04\/asdas6f53dsa1f65ds3af10.png","width":417,"height":567},{"@type":"BreadcrumbList","@id":"https:\/\/vengria.info\/?p=11173#breadcrumb","itemListElement":[{"@type":"ListItem","position":1,"name":"Home","item":"https:\/\/vengria.info\/"},{"@type":"ListItem","position":2,"name":"M\u00e1r h\u00e1rom napja a malacom d\u00fch\u00f6sen \u00e1sott ugyanazon a helyen az ist\u00e1ll\u00f3 m\u00f6g\u00f6tt."}]},{"@type":"WebSite","@id":"https:\/\/vengria.info\/#website","url":"https:\/\/vengria.info\/","name":"","description":"","potentialAction":[{"@type":"SearchAction","target":{"@type":"EntryPoint","urlTemplate":"https:\/\/vengria.info\/?s={search_term_string}"},"query-input":{"@type":"PropertyValueSpecification","valueRequired":true,"valueName":"search_term_string"}}],"inLanguage":"en-US"},{"@type":"Person","@id":"https:\/\/vengria.info\/#\/schema\/person\/b815b04a6b1fb36a2d064955a92f68d4","name":"admin","image":{"@type":"ImageObject","inLanguage":"en-US","@id":"https:\/\/secure.gravatar.com\/avatar\/a29bad30ab19883c48927f9ee55a40d0d1a0c3c343bcef70ad9a0a9cb421f0fa?s=96&d=mm&r=g","url":"https:\/\/secure.gravatar.com\/avatar\/a29bad30ab19883c48927f9ee55a40d0d1a0c3c343bcef70ad9a0a9cb421f0fa?s=96&d=mm&r=g","contentUrl":"https:\/\/secure.gravatar.com\/avatar\/a29bad30ab19883c48927f9ee55a40d0d1a0c3c343bcef70ad9a0a9cb421f0fa?s=96&d=mm&r=g","caption":"admin"},"sameAs":["http:\/\/vengria.info"],"url":"https:\/\/vengria.info\/?author=1"}]}},"_links":{"self":[{"href":"https:\/\/vengria.info\/index.php?rest_route=\/wp\/v2\/posts\/11173","targetHints":{"allow":["GET"]}}],"collection":[{"href":"https:\/\/vengria.info\/index.php?rest_route=\/wp\/v2\/posts"}],"about":[{"href":"https:\/\/vengria.info\/index.php?rest_route=\/wp\/v2\/types\/post"}],"author":[{"embeddable":true,"href":"https:\/\/vengria.info\/index.php?rest_route=\/wp\/v2\/users\/1"}],"replies":[{"embeddable":true,"href":"https:\/\/vengria.info\/index.php?rest_route=%2Fwp%2Fv2%2Fcomments&post=11173"}],"version-history":[{"count":1,"href":"https:\/\/vengria.info\/index.php?rest_route=\/wp\/v2\/posts\/11173\/revisions"}],"predecessor-version":[{"id":11177,"href":"https:\/\/vengria.info\/index.php?rest_route=\/wp\/v2\/posts\/11173\/revisions\/11177"}],"wp:featuredmedia":[{"embeddable":true,"href":"https:\/\/vengria.info\/index.php?rest_route=\/wp\/v2\/media\/11175"}],"wp:attachment":[{"href":"https:\/\/vengria.info\/index.php?rest_route=%2Fwp%2Fv2%2Fmedia&parent=11173"}],"wp:term":[{"taxonomy":"category","embeddable":true,"href":"https:\/\/vengria.info\/index.php?rest_route=%2Fwp%2Fv2%2Fcategories&post=11173"},{"taxonomy":"post_tag","embeddable":true,"href":"https:\/\/vengria.info\/index.php?rest_route=%2Fwp%2Fv2%2Ftags&post=11173"}],"curies":[{"name":"wp","href":"https:\/\/api.w.org\/{rel}","templated":true}]}}