{"id":11166,"date":"2026-04-28T07:58:05","date_gmt":"2026-04-28T07:58:05","guid":{"rendered":"https:\/\/vengria.info\/?p=11166"},"modified":"2026-04-28T07:58:06","modified_gmt":"2026-04-28T07:58:06","slug":"asszonyom-ez-a-jelveny-ugy-nez-ki-mint-az-anyam","status":"publish","type":"post","link":"https:\/\/vengria.info\/?p=11166","title":{"rendered":"\u201eAsszonyom\u2026 ez a jelv\u00e9ny \u00fagy n\u00e9z ki, mint az any\u00e1m.\u201d"},"content":{"rendered":"\n<p>A mondatot olyan halkan mondta, hogy szinte elnyomta az utca zaja. M\u00e9gis \u00fagy maradt bennem, mint egy \u00fct\u00e9s a mellkasomba.<\/p>\n\n\n\n<p>Az este tele volt f\u00e9nyekkel. L\u00e1mp\u00e1sf\u00fcz\u00e9rek l\u00f3gtak a s\u00e9t\u00e1nyon, az \u00e9ttermek zs\u00fafol\u00e1sig megteltek, az emberek nevettek, poharak csilingeltek, \u00e9s a v\u00e1ros l\u00e1tsz\u00f3lag nem \u00e9rzett f\u00e1jdalmat. Minden ragyogott. Minden, kiv\u00e9ve a el\u0151ttem \u00e1ll\u00f3 gyereket.<\/p>\n\n\n\n<p>El\u0151sz\u00f6r azt hittem, megpr\u00f3b\u00e1l kirabolni.<\/p>\n\n\n\n<p>\u00c9reztem egy r\u00e1ndul\u00e1st a t\u00e1sk\u00e1m l\u00e1nc\u00e1n, \u00e9s \u00f6szt\u00f6n\u00f6sen magam fel\u00e9 h\u00faztam.<\/p>\n\n\n\n<p>\u201eNe \u00e9rjen hozz\u00e1m!\u201d \u2013 ki\u00e1ltottam.<\/p>\n\n\n\n<p>A fi\u00fa h\u00e1tr\u00e1lt. Kicsi volt, tal\u00e1n h\u00e9t\u00e9ves. Egy t\u00fal nagy szakadt p\u00f3l\u00f3t viselt, mez\u00edtl\u00e1bas l\u00e1ba fekete volt a port\u00f3l, \u00e9s az arca annyira piszkos, hogy val\u00f3di von\u00e1sai elvesztek az utca r\u00e9tege alatt. De a szeme csillogott. \u00c9s ijedt.<\/p>\n\n\n\n<p>Nem \u00fagy n\u00e9zett ki, mint egy tolvaj.<\/p>\n\n\n\n<p>\u00dagy n\u00e9zett ki, mint egy gyerek, akit m\u00e1r r\u00e9g\u00f3ta nem v\u00e9dtek.<\/p>\n\n\n\n<p>Ahelyett, hogy elszaladt volna, \u00f6k\u00f6lbe szor\u00edtott kez\u00e9t fel\u00e9m ny\u00fajtotta.<\/p>\n\n\n\n<p>\u201eEln\u00e9z\u00e9st\u2026 de ugyanolyan t\u0171 van n\u00e1lad.\u201d<\/p>\n\n\n\n<p>Lassan sz\u00e9tnyitotta az ujjait.<\/p>\n\n\n\n<p>Egy kis aranylev\u00e9l jelv\u00e9ny fek\u00fcdt a tenyer\u00e9n. K\u00f6z\u00e9pen egy k\u00f6nnycsepp alak\u00fa k\u00e9k k\u0151. R\u00e9gi, karcos, de m\u00e9g mindig gy\u00f6ny\u00f6r\u0171.<\/p>\n\n\n\n<p>Megdermedtem.<\/p>\n\n\n\n<p>Pontosan ugyanolyan volt a kab\u00e1tom gall\u00e9rj\u00e1ra t\u0171zve.<\/p>\n\n\n\n<p>Meg\u00e9rintettem, mintha meg akartam volna gy\u0151z\u0151dni arr\u00f3l, hogy m\u00e9g mindig ott van. \u00c9vekig viseltem ezt a jelv\u00e9nyt. Ez volt az egyetlen dolog, ami megmaradt a n\u0151v\u00e9remb\u0151l, Emm\u00e1b\u00f3l.<\/p>\n\n\n\n<p>Huszon\u00f6t \u00e9vvel ezel\u0151tt elt\u0171nt.<\/p>\n\n\n\n<figure class=\"wp-block-image size-full is-resized\"><img loading=\"lazy\" decoding=\"async\" width=\"500\" height=\"572\" src=\"https:\/\/vengria.info\/wp-content\/uploads\/2026\/04\/asd87a6s54d1a6sdas16f3.png\" alt=\"\" class=\"wp-image-11168\" style=\"width:747px;height:auto\" srcset=\"https:\/\/vengria.info\/wp-content\/uploads\/2026\/04\/asd87a6s54d1a6sdas16f3.png 500w, https:\/\/vengria.info\/wp-content\/uploads\/2026\/04\/asd87a6s54d1a6sdas16f3-262x300.png 262w\" sizes=\"auto, (max-width: 500px) 100vw, 500px\" \/><\/figure>\n\n\n\n<p>Tizennyolc \u00e9ves volt. Egy nap elment otthonr\u00f3l, miut\u00e1n veszekedett az apj\u00e1val, \u00e9s soha nem t\u00e9rt vissza. A rend\u0151rs\u00e9g h\u00f3napokig kereste. Azt\u00e1n az \u00fcgy elcsendesedett. Sehol egy holttest. Sehol egy lev\u00e9l. Sehol egy magyar\u00e1zat.<\/p>\n\n\n\n<p>Any\u00e1m megt\u00f6rt sz\u00edvvel halt meg.<\/p>\n\n\n\n<p>\u00c9s \u00e9letem v\u00e9g\u00e9ig cipeltem a b\u0171ntudatot, ami\u00e9rt nem \u00e1ll\u00edtottam meg azon az \u00e9jszak\u00e1n.<\/p>\n\n\n\n<p>\u201eHonnan szerezted?\u201d \u2013 k\u00e9rdeztem fojtott hangon.<\/p>\n\n\n\n<p>A fi\u00fa nyelt egyet.<\/p>\n\n\n\n<p>\u201eAnyuk\u00e1mn\u00e1l van.\u201d<\/p>\n\n\n\n<p>\u201eMi a neved?\u201d<\/p>\n\n\n\n<p>\u201eEmmanuel.\u201d<\/p>\n\n\n\n<p>\u201e\u00c9s anyuk\u00e1dn\u00e1l?\u201d<\/p>\n\n\n\n<p>\u201eEmma.\u201d<\/p>\n\n\n\n<p>A k\u00f6r\u00fcl\u00f6ttem l\u00e9v\u0151 vil\u00e1g abban a pillanatban lelassult.<\/p>\n\n\n\n<p>Az \u00e9ttermekb\u0151l elhalkult a nevet\u00e9s. Az aut\u00f3k hangja is elhalt. Csak a saj\u00e1t l\u00e9legzetemet hallottam.<\/p>\n\n\n\n<p>\u201eHol van?\u201d \u2013 lihegtem.<\/p>\n\n\n\n<p>A fi\u00fa egy mell\u00e9kutc\u00e1ra mutatott.<\/p>\n\n\n\n<p>\u201eNem tud j\u00e1rni. Ott v\u00e1r.\u201d<\/p>\n\n\n\n<p>Gondolkod\u00e1s n\u00e9lk\u00fcl k\u00f6vettem.<\/p>\n\n\n\n<p>\u00c1tvezetett egy keskeny \u00e1tj\u00e1r\u00f3n a f\u0151utca m\u00f6g\u00f6tt, ahol a l\u00e1mp\u00e1k m\u00e1r nem vil\u00e1g\u00edtottak olyan f\u00e9nyesen. Ott a v\u00e1ros mindent kidobott, amit nem akart mutatni. Kartondobozokat, szemetet, \u00e1t\u00e1zott takar\u00f3kat, t\u00f6r\u00f6tt padokat.<\/p>\n\n\n\n<p>A zs\u00e1kutca v\u00e9g\u00e9n egy n\u0151 \u00fclt a falnak t\u00e1maszkodva.<\/p>\n\n\n\n<p>Sov\u00e1ny. Gyenge. Egy r\u00e9gi kab\u00e1tba burkol\u00f3zva.<\/p>\n\n\n\n<p>A haja \u0151sz \u00e9s gubancos volt. Az arca kimer\u00fclt. De amikor felemelte a fej\u00e9t, a t\u00e9rdem megbicsaklott.<\/p>\n\n\n\n<p>Ismertem ezeket a szemeket.<\/p>\n\n\n\n<p>\u201eEmma\u2026\u201d<\/p>\n\n\n\n<p>\u00dagy n\u00e9zett r\u00e1m, mintha szellemet l\u00e1tott volna.<\/p>\n\n\n\n<p>Azt\u00e1n az ajkai sz\u00e9tny\u00edltak.<\/p>\n\n\n\n<p>\u201eClaire?\u201d<\/p>\n\n\n\n<p>Odafutottam hozz\u00e1, \u00e9s meg\u00f6leltem, miel\u0151tt gondolkodhattam volna. K\u00f6nny\u0171 volt, mint a tollpihe. Reszketett. \u00c9s olyan halkan s\u00edrt, hogy jobban f\u00e1jt, mint a sik\u00edt\u00e1s.<\/p>\n\n\n\n<p>Hossz\u00fa percekig \u00fclt\u00fcnk ott a hideg f\u00f6ld\u00f6n, \u00e1t\u00f6lelve egym\u00e1st, mint k\u00e9t elveszett gyermek.<\/p>\n\n\n\n<p>Amikor v\u00e9gre megsz\u00f3lalt, elt\u00f6rt a hangja.<\/p>\n\n\n\n<p>Aznap este, egy vita ut\u00e1n, megsz\u00f6k\u00f6tt azzal a f\u00e9rfival, akir\u0151l azt hitte, szereti. Elvitte egy m\u00e1sik v\u00e1rosba. El\u0151sz\u00f6r \u00edg\u00e9retek. Azt\u00e1n er\u0151szak. Azt\u00e1n f\u00e9lelem. Amikor el akart menni, m\u00e1r t\u00fal k\u00e9s\u0151 volt. Nem volt p\u00e9nze, pap\u00edrjai, se hov\u00e1 mennie.<\/p>\n\n\n\n<p>\u00c9vekig t\u00fal\u00e9lte, ahogy csak tudott.<\/p>\n\n\n\n<p>Azt\u00e1n megsz\u00fcletett Emmanuel.<\/p>\n\n\n\n<p>\u201eEzerszer vissza akartam menni\u201d \u2013 suttogta. \u201eDe min\u00e9l tov\u00e1bb v\u00e1rtam, ann\u00e1l jobban sz\u00e9gyelltem magam.\u201d<\/p>\n\n\n\n<p>Ez az \u00e9let kegyetlens\u00e9ge. Azt hiszed, holnap visszaj\u00f6ssz. Azt\u00e1n r\u00e1j\u00f6ssz, hogy h\u00fasz \u00e9v telt el.<\/p>\n\n\n\n<p>R\u00e1n\u00e9ztem az unoka\u00f6cs\u00e9mre, akivel az el\u0151bb tal\u00e1lkoztam.<\/p>\n\n\n\n<p>P\u00e1r l\u00e9p\u00e9snyire \u00e1llt, \u00e9s idegesen d\u00f6rzs\u00f6lte a kez\u00e9t.<\/p>\n\n\n\n<p>\u201eMi\u00e9rt h\u00edvt\u00e1l?\u201d \u2013 k\u00e9rdeztem t\u0151le.<\/p>\n\n\n\n<p>Megvonta a v\u00e1ll\u00e1t.<\/p>\n\n\n\n<p>\u201eAnya mindig azt mondta, hogy ha valaha is megl\u00e1tja a m\u00e1sik kit\u0171z\u0151t, az azt jelenti, hogy a csal\u00e1d m\u00e9g mindig ott van.\u201d<\/p>\n\n\n\n<p>\u00dajra s\u00edrni kezdtem.<\/p>\n\n\n\n<p>Ezt a jelv\u00e9nyt k\u00e9t n\u0151v\u00e9rnek adta az anyjuk. Az egyik Emma. A m\u00e1sik \u00e9n.<\/p>\n\n\n\n<p>\u00c9vekig viseltem a b\u00e1natban.<\/p>\n\n\n\n<p>\u0150 a rem\u00e9nyb\u0151l.<\/p>\n\n\n\n<p>Aznap este hazavittem \u0151ket.<\/p>\n\n\n\n<p>Nem a menhelyre. Haza.<\/p>\n\n\n\n<p>Az els\u0151 n\u00e9h\u00e1ny h\u00e9t neh\u00e9z volt. Emma minden cseng\u0151t\u0151l f\u00e9lt. Emmanuel \u00e9telt rejtegetett a p\u00e1rn\u00e1ja al\u00e1. Ruh\u00e1ban aludtak. Minden hang\u00e9rt, minden l\u00e9p\u00e9s\u00e9rt, minden l\u00e9legzetv\u00e9tel\u00e9rt bocs\u00e1natot k\u00e9rtek.<\/p>\n\n\n\n<p>A trauma nem m\u00falik el egyik napr\u00f3l a m\u00e1sikra.<\/p>\n\n\n\n<p>De a h\u00e1z leveg\u0151je lassan megv\u00e1ltozott.<\/p>\n\n\n\n<p>Emma \u00fajra f\u0151zni kezdett. Emmanuel el\u0151sz\u00f6r \u00fclt az asztaln\u00e1l, \u00e9s teli sz\u00e1jjal nevetett. R\u00e9gi takar\u00f3kat paplanokra cser\u00e9lt\u00fcnk, csendet zen\u00e9re, f\u00e9lelmet megszok\u00e1sra.<\/p>\n\n\n\n<p>Egyik reggel Emm\u00e1t a t\u00fck\u00f6r el\u0151tt \u00e1llva tal\u00e1ltam.<\/p>\n\n\n\n<p>A haja meg volt f\u00e9s\u00fclve, \u00e9s a jelv\u00e9nye a kab\u00e1tj\u00e1ra volt t\u0171zve.<\/p>\n\n\n\n<p>\u201eSzerinted m\u00e9g mindig \u00fagy n\u00e9zek ki, mint \u00e9n?\u201d \u2013 k\u00e9rdezte.<\/p>\n\n\n\n<p>K\u00f6nnyeken kereszt\u00fcl mosolyogtam.<\/p>\n\n\n\n<p>\u201eNem\u201d \u2013 mondtam. \u201eEr\u0151sebbnek t\u0171nsz.\u201d<\/p>\n\n\n\n<p>Ma \u00f6t \u00e9ve.<\/p>\n\n\n\n<p>Emmanuel iskol\u00e1ba j\u00e1r, focizik, \u00e9s arr\u00f3l \u00e1lmodik, hogy \u00e9p\u00edt\u00e9sz lesz. Emma egy kis vir\u00e1gboltban dolgozik, \u00e9s t\u00f6bbet nevet, mint amennyit a m\u00faltr\u00f3l besz\u00e9l.<\/p>\n\n\n\n<p>\u00c9s \u00e9n?<\/p>\n\n\n\n<p>M\u00e1r tudom, hogy csod\u00e1k nem hullanak az \u00e9gb\u0151l.<\/p>\n\n\n\n<p>N\u00e9ha mez\u00edtl\u00e1b \u00e1llnak a j\u00e1rd\u00e1n, szakadt p\u00f3l\u00f3ban, \u00e9s halkan mondj\u00e1k:<\/p>\n\n\n\n<p>\u201eAsszonyom\u2026 ez a jelv\u00e9ny \u00fagy n\u00e9z ki, mint az any\u00e1m.\u201d<\/p>\n","protected":false},"excerpt":{"rendered":"A mondatot olyan halkan mondta, hogy szinte elnyomta az utca zaja. M\u00e9gis \u00fagy maradt bennem, mint egy \u00fct\u00e9s a mellkasomba. Az este tele \n<a class=\"moretag\" href=\"https:\/\/vengria.info\/?p=11166\"> [...]<\/a>","protected":false},"author":1,"featured_media":11168,"comment_status":"open","ping_status":"open","sticky":false,"template":"","format":"standard","meta":{"footnotes":""},"categories":[1,2],"tags":[],"class_list":["post-11166","post","type-post","status-publish","format-standard","has-post-thumbnail","hentry","category-news","category-video"],"yoast_head":"<!-- This site is optimized with the Yoast SEO plugin v27.3 - https:\/\/yoast.com\/product\/yoast-seo-wordpress\/ -->\n<title>\u201eAsszonyom\u2026 ez a jelv\u00e9ny \u00fagy n\u00e9z ki, mint az any\u00e1m.\u201d -<\/title>\n<meta name=\"robots\" content=\"index, follow, max-snippet:-1, max-image-preview:large, max-video-preview:-1\" \/>\n<link rel=\"canonical\" href=\"https:\/\/vengria.info\/?p=11166\" \/>\n<meta property=\"og:locale\" content=\"en_US\" \/>\n<meta property=\"og:type\" content=\"article\" \/>\n<meta property=\"og:title\" content=\"\u201eAsszonyom\u2026 ez a jelv\u00e9ny \u00fagy n\u00e9z ki, mint az any\u00e1m.\u201d -\" \/>\n<meta property=\"og:description\" content=\"A mondatot olyan halkan mondta, hogy szinte elnyomta az utca zaja. M\u00e9gis \u00fagy maradt bennem, mint egy \u00fct\u00e9s a mellkasomba. Az este tele\" \/>\n<meta property=\"og:url\" content=\"https:\/\/vengria.info\/?p=11166\" \/>\n<meta property=\"article:published_time\" content=\"2026-04-28T07:58:05+00:00\" \/>\n<meta property=\"article:modified_time\" content=\"2026-04-28T07:58:06+00:00\" \/>\n<meta property=\"og:image\" content=\"https:\/\/vengria.info\/wp-content\/uploads\/2026\/04\/asd87a6s54d1a6sdas16f3.png\" \/>\n\t<meta property=\"og:image:width\" content=\"500\" \/>\n\t<meta property=\"og:image:height\" content=\"572\" \/>\n\t<meta property=\"og:image:type\" content=\"image\/png\" \/>\n<meta name=\"author\" content=\"admin\" \/>\n<meta name=\"twitter:card\" content=\"summary_large_image\" \/>\n<meta name=\"twitter:label1\" content=\"Written by\" \/>\n\t<meta name=\"twitter:data1\" content=\"admin\" \/>\n\t<meta name=\"twitter:label2\" content=\"Est. reading time\" \/>\n\t<meta name=\"twitter:data2\" content=\"4 minutes\" \/>\n<script type=\"application\/ld+json\" class=\"yoast-schema-graph\">{\"@context\":\"https:\\\/\\\/schema.org\",\"@graph\":[{\"@type\":\"Article\",\"@id\":\"https:\\\/\\\/vengria.info\\\/?p=11166#article\",\"isPartOf\":{\"@id\":\"https:\\\/\\\/vengria.info\\\/?p=11166\"},\"author\":{\"name\":\"admin\",\"@id\":\"https:\\\/\\\/vengria.info\\\/#\\\/schema\\\/person\\\/b815b04a6b1fb36a2d064955a92f68d4\"},\"headline\":\"\u201eAsszonyom\u2026 ez a jelv\u00e9ny \u00fagy n\u00e9z ki, mint az any\u00e1m.\u201d\",\"datePublished\":\"2026-04-28T07:58:05+00:00\",\"dateModified\":\"2026-04-28T07:58:06+00:00\",\"mainEntityOfPage\":{\"@id\":\"https:\\\/\\\/vengria.info\\\/?p=11166\"},\"wordCount\":1082,\"commentCount\":0,\"image\":{\"@id\":\"https:\\\/\\\/vengria.info\\\/?p=11166#primaryimage\"},\"thumbnailUrl\":\"https:\\\/\\\/vengria.info\\\/wp-content\\\/uploads\\\/2026\\\/04\\\/asd87a6s54d1a6sdas16f3.png\",\"articleSection\":[\"NEWS\",\"VIDEO\"],\"inLanguage\":\"en-US\",\"potentialAction\":[{\"@type\":\"CommentAction\",\"name\":\"Comment\",\"target\":[\"https:\\\/\\\/vengria.info\\\/?p=11166#respond\"]}]},{\"@type\":\"WebPage\",\"@id\":\"https:\\\/\\\/vengria.info\\\/?p=11166\",\"url\":\"https:\\\/\\\/vengria.info\\\/?p=11166\",\"name\":\"\u201eAsszonyom\u2026 ez a jelv\u00e9ny \u00fagy n\u00e9z ki, mint az any\u00e1m.\u201d -\",\"isPartOf\":{\"@id\":\"https:\\\/\\\/vengria.info\\\/#website\"},\"primaryImageOfPage\":{\"@id\":\"https:\\\/\\\/vengria.info\\\/?p=11166#primaryimage\"},\"image\":{\"@id\":\"https:\\\/\\\/vengria.info\\\/?p=11166#primaryimage\"},\"thumbnailUrl\":\"https:\\\/\\\/vengria.info\\\/wp-content\\\/uploads\\\/2026\\\/04\\\/asd87a6s54d1a6sdas16f3.png\",\"datePublished\":\"2026-04-28T07:58:05+00:00\",\"dateModified\":\"2026-04-28T07:58:06+00:00\",\"author\":{\"@id\":\"https:\\\/\\\/vengria.info\\\/#\\\/schema\\\/person\\\/b815b04a6b1fb36a2d064955a92f68d4\"},\"breadcrumb\":{\"@id\":\"https:\\\/\\\/vengria.info\\\/?p=11166#breadcrumb\"},\"inLanguage\":\"en-US\",\"potentialAction\":[{\"@type\":\"ReadAction\",\"target\":[\"https:\\\/\\\/vengria.info\\\/?p=11166\"]}]},{\"@type\":\"ImageObject\",\"inLanguage\":\"en-US\",\"@id\":\"https:\\\/\\\/vengria.info\\\/?p=11166#primaryimage\",\"url\":\"https:\\\/\\\/vengria.info\\\/wp-content\\\/uploads\\\/2026\\\/04\\\/asd87a6s54d1a6sdas16f3.png\",\"contentUrl\":\"https:\\\/\\\/vengria.info\\\/wp-content\\\/uploads\\\/2026\\\/04\\\/asd87a6s54d1a6sdas16f3.png\",\"width\":500,\"height\":572},{\"@type\":\"BreadcrumbList\",\"@id\":\"https:\\\/\\\/vengria.info\\\/?p=11166#breadcrumb\",\"itemListElement\":[{\"@type\":\"ListItem\",\"position\":1,\"name\":\"Home\",\"item\":\"https:\\\/\\\/vengria.info\\\/\"},{\"@type\":\"ListItem\",\"position\":2,\"name\":\"\u201eAsszonyom\u2026 ez a jelv\u00e9ny \u00fagy n\u00e9z ki, mint az any\u00e1m.\u201d\"}]},{\"@type\":\"WebSite\",\"@id\":\"https:\\\/\\\/vengria.info\\\/#website\",\"url\":\"https:\\\/\\\/vengria.info\\\/\",\"name\":\"\",\"description\":\"\",\"potentialAction\":[{\"@type\":\"SearchAction\",\"target\":{\"@type\":\"EntryPoint\",\"urlTemplate\":\"https:\\\/\\\/vengria.info\\\/?s={search_term_string}\"},\"query-input\":{\"@type\":\"PropertyValueSpecification\",\"valueRequired\":true,\"valueName\":\"search_term_string\"}}],\"inLanguage\":\"en-US\"},{\"@type\":\"Person\",\"@id\":\"https:\\\/\\\/vengria.info\\\/#\\\/schema\\\/person\\\/b815b04a6b1fb36a2d064955a92f68d4\",\"name\":\"admin\",\"image\":{\"@type\":\"ImageObject\",\"inLanguage\":\"en-US\",\"@id\":\"https:\\\/\\\/secure.gravatar.com\\\/avatar\\\/a29bad30ab19883c48927f9ee55a40d0d1a0c3c343bcef70ad9a0a9cb421f0fa?s=96&d=mm&r=g\",\"url\":\"https:\\\/\\\/secure.gravatar.com\\\/avatar\\\/a29bad30ab19883c48927f9ee55a40d0d1a0c3c343bcef70ad9a0a9cb421f0fa?s=96&d=mm&r=g\",\"contentUrl\":\"https:\\\/\\\/secure.gravatar.com\\\/avatar\\\/a29bad30ab19883c48927f9ee55a40d0d1a0c3c343bcef70ad9a0a9cb421f0fa?s=96&d=mm&r=g\",\"caption\":\"admin\"},\"sameAs\":[\"http:\\\/\\\/vengria.info\"],\"url\":\"https:\\\/\\\/vengria.info\\\/?author=1\"}]}<\/script>\n<!-- \/ Yoast SEO plugin. -->","yoast_head_json":{"title":"\u201eAsszonyom\u2026 ez a jelv\u00e9ny \u00fagy n\u00e9z ki, mint az any\u00e1m.\u201d -","robots":{"index":"index","follow":"follow","max-snippet":"max-snippet:-1","max-image-preview":"max-image-preview:large","max-video-preview":"max-video-preview:-1"},"canonical":"https:\/\/vengria.info\/?p=11166","og_locale":"en_US","og_type":"article","og_title":"\u201eAsszonyom\u2026 ez a jelv\u00e9ny \u00fagy n\u00e9z ki, mint az any\u00e1m.\u201d -","og_description":"A mondatot olyan halkan mondta, hogy szinte elnyomta az utca zaja. M\u00e9gis \u00fagy maradt bennem, mint egy \u00fct\u00e9s a mellkasomba. Az este tele","og_url":"https:\/\/vengria.info\/?p=11166","article_published_time":"2026-04-28T07:58:05+00:00","article_modified_time":"2026-04-28T07:58:06+00:00","og_image":[{"width":500,"height":572,"url":"https:\/\/vengria.info\/wp-content\/uploads\/2026\/04\/asd87a6s54d1a6sdas16f3.png","type":"image\/png"}],"author":"admin","twitter_card":"summary_large_image","twitter_misc":{"Written by":"admin","Est. reading time":"4 minutes"},"schema":{"@context":"https:\/\/schema.org","@graph":[{"@type":"Article","@id":"https:\/\/vengria.info\/?p=11166#article","isPartOf":{"@id":"https:\/\/vengria.info\/?p=11166"},"author":{"name":"admin","@id":"https:\/\/vengria.info\/#\/schema\/person\/b815b04a6b1fb36a2d064955a92f68d4"},"headline":"\u201eAsszonyom\u2026 ez a jelv\u00e9ny \u00fagy n\u00e9z ki, mint az any\u00e1m.\u201d","datePublished":"2026-04-28T07:58:05+00:00","dateModified":"2026-04-28T07:58:06+00:00","mainEntityOfPage":{"@id":"https:\/\/vengria.info\/?p=11166"},"wordCount":1082,"commentCount":0,"image":{"@id":"https:\/\/vengria.info\/?p=11166#primaryimage"},"thumbnailUrl":"https:\/\/vengria.info\/wp-content\/uploads\/2026\/04\/asd87a6s54d1a6sdas16f3.png","articleSection":["NEWS","VIDEO"],"inLanguage":"en-US","potentialAction":[{"@type":"CommentAction","name":"Comment","target":["https:\/\/vengria.info\/?p=11166#respond"]}]},{"@type":"WebPage","@id":"https:\/\/vengria.info\/?p=11166","url":"https:\/\/vengria.info\/?p=11166","name":"\u201eAsszonyom\u2026 ez a jelv\u00e9ny \u00fagy n\u00e9z ki, mint az any\u00e1m.\u201d -","isPartOf":{"@id":"https:\/\/vengria.info\/#website"},"primaryImageOfPage":{"@id":"https:\/\/vengria.info\/?p=11166#primaryimage"},"image":{"@id":"https:\/\/vengria.info\/?p=11166#primaryimage"},"thumbnailUrl":"https:\/\/vengria.info\/wp-content\/uploads\/2026\/04\/asd87a6s54d1a6sdas16f3.png","datePublished":"2026-04-28T07:58:05+00:00","dateModified":"2026-04-28T07:58:06+00:00","author":{"@id":"https:\/\/vengria.info\/#\/schema\/person\/b815b04a6b1fb36a2d064955a92f68d4"},"breadcrumb":{"@id":"https:\/\/vengria.info\/?p=11166#breadcrumb"},"inLanguage":"en-US","potentialAction":[{"@type":"ReadAction","target":["https:\/\/vengria.info\/?p=11166"]}]},{"@type":"ImageObject","inLanguage":"en-US","@id":"https:\/\/vengria.info\/?p=11166#primaryimage","url":"https:\/\/vengria.info\/wp-content\/uploads\/2026\/04\/asd87a6s54d1a6sdas16f3.png","contentUrl":"https:\/\/vengria.info\/wp-content\/uploads\/2026\/04\/asd87a6s54d1a6sdas16f3.png","width":500,"height":572},{"@type":"BreadcrumbList","@id":"https:\/\/vengria.info\/?p=11166#breadcrumb","itemListElement":[{"@type":"ListItem","position":1,"name":"Home","item":"https:\/\/vengria.info\/"},{"@type":"ListItem","position":2,"name":"\u201eAsszonyom\u2026 ez a jelv\u00e9ny \u00fagy n\u00e9z ki, mint az any\u00e1m.\u201d"}]},{"@type":"WebSite","@id":"https:\/\/vengria.info\/#website","url":"https:\/\/vengria.info\/","name":"","description":"","potentialAction":[{"@type":"SearchAction","target":{"@type":"EntryPoint","urlTemplate":"https:\/\/vengria.info\/?s={search_term_string}"},"query-input":{"@type":"PropertyValueSpecification","valueRequired":true,"valueName":"search_term_string"}}],"inLanguage":"en-US"},{"@type":"Person","@id":"https:\/\/vengria.info\/#\/schema\/person\/b815b04a6b1fb36a2d064955a92f68d4","name":"admin","image":{"@type":"ImageObject","inLanguage":"en-US","@id":"https:\/\/secure.gravatar.com\/avatar\/a29bad30ab19883c48927f9ee55a40d0d1a0c3c343bcef70ad9a0a9cb421f0fa?s=96&d=mm&r=g","url":"https:\/\/secure.gravatar.com\/avatar\/a29bad30ab19883c48927f9ee55a40d0d1a0c3c343bcef70ad9a0a9cb421f0fa?s=96&d=mm&r=g","contentUrl":"https:\/\/secure.gravatar.com\/avatar\/a29bad30ab19883c48927f9ee55a40d0d1a0c3c343bcef70ad9a0a9cb421f0fa?s=96&d=mm&r=g","caption":"admin"},"sameAs":["http:\/\/vengria.info"],"url":"https:\/\/vengria.info\/?author=1"}]}},"_links":{"self":[{"href":"https:\/\/vengria.info\/index.php?rest_route=\/wp\/v2\/posts\/11166","targetHints":{"allow":["GET"]}}],"collection":[{"href":"https:\/\/vengria.info\/index.php?rest_route=\/wp\/v2\/posts"}],"about":[{"href":"https:\/\/vengria.info\/index.php?rest_route=\/wp\/v2\/types\/post"}],"author":[{"embeddable":true,"href":"https:\/\/vengria.info\/index.php?rest_route=\/wp\/v2\/users\/1"}],"replies":[{"embeddable":true,"href":"https:\/\/vengria.info\/index.php?rest_route=%2Fwp%2Fv2%2Fcomments&post=11166"}],"version-history":[{"count":1,"href":"https:\/\/vengria.info\/index.php?rest_route=\/wp\/v2\/posts\/11166\/revisions"}],"predecessor-version":[{"id":11170,"href":"https:\/\/vengria.info\/index.php?rest_route=\/wp\/v2\/posts\/11166\/revisions\/11170"}],"wp:featuredmedia":[{"embeddable":true,"href":"https:\/\/vengria.info\/index.php?rest_route=\/wp\/v2\/media\/11168"}],"wp:attachment":[{"href":"https:\/\/vengria.info\/index.php?rest_route=%2Fwp%2Fv2%2Fmedia&parent=11166"}],"wp:term":[{"taxonomy":"category","embeddable":true,"href":"https:\/\/vengria.info\/index.php?rest_route=%2Fwp%2Fv2%2Fcategories&post=11166"},{"taxonomy":"post_tag","embeddable":true,"href":"https:\/\/vengria.info\/index.php?rest_route=%2Fwp%2Fv2%2Ftags&post=11166"}],"curies":[{"name":"wp","href":"https:\/\/api.w.org\/{rel}","templated":true}]}}