{"id":11097,"date":"2026-04-26T08:04:23","date_gmt":"2026-04-26T08:04:23","guid":{"rendered":"https:\/\/vengria.info\/?p=11097"},"modified":"2026-04-26T08:04:24","modified_gmt":"2026-04-26T08:04:24","slug":"adrien-morel-a-haza-kuszoben-allt-es-ket-apro-alakot-nezett-akik-latszolag-egyetlen-altala-ismert-vilaghoz-sem-tartoztak","status":"publish","type":"post","link":"https:\/\/vengria.info\/?p=11097","title":{"rendered":"Adrien Morel a h\u00e1za k\u00fcsz\u00f6b\u00e9n \u00e1llt, \u00e9s k\u00e9t apr\u00f3 alakot n\u00e9zett, akik l\u00e1tsz\u00f3lag egyetlen \u00e1ltala ismert vil\u00e1ghoz sem tartoztak."},"content":{"rendered":"\n<p>A k\u00f6r\u00fcl\u00f6tt\u00fck l\u00e9v\u0151 vid\u00e9ki csend neh\u00e9z volt, csak a f\u00e1k susog\u00e1sa \u00e9s a t\u00e1voli madarak \u00e9neke t\u00f6rte meg.<\/p>\n\n\n\n<p>Az ikrek nem mozdultak.<\/p>\n\n\n\n<p>Csak figyelt\u00e9k.<\/p>\n\n\n\n<p>Nem bizalommal. Nem f\u00e9lelemmel.<\/p>\n\n\n\n<p>Ink\u00e1bb egy furcsa nyugalommal, aminek semmi \u00e9rtelme nem volt ilyen kisgyerekekn\u00e9l.<\/p>\n\n\n\n<p>\u201eGyertek be\u201d \u2013 mondta v\u00e9g\u00fcl.<\/p>\n\n\n\n<p>Nem tudta, mi\u00e9rt.<\/p>\n\n\n\n<p>Tal\u00e1n az\u00e9rt, mert ha ott hagyja \u0151ket \u00e1llva, a k\u00e9p \u00f6r\u00f6kre k\u00eds\u00e9rteni fogja.<\/p>\n\n\n\n<p>Az els\u0151 \u00e9jszaka csendes volt. A gyerekek lassan ettek, mintha minden falatot ki kellene \u00e9rdemelni\u00fck. Nem k\u00e9rdez\u0151sk\u00f6dtek. Nem besz\u00e9ltek t\u00f6bbet a kellet\u00e9n\u00e9l. Amikor bevezette \u0151ket a szob\u00e1jukba, tiltakoz\u00e1s n\u00e9lk\u00fcl lefek\u00fcdtek, \u00e9s n\u00e9h\u00e1ny percen bel\u00fcl elaludtak.<\/p>\n\n\n\n<p>Adrien a kellet\u00e9n\u00e9l tov\u00e1bb \u00e1llt az ajt\u00f3ban.<\/p>\n\n\n\n<p>Valami baj volt.<\/p>\n\n\n\n<p>Nem v\u00e9szes.<\/p>\n\n\n\n<p>De\u2026 baj.<\/p>\n\n\n\n<p>M\u00e1snap elkezdte \u00e9szrevenni a r\u00e9szleteket.<\/p>\n\n\n\n<p>Soha nem k\u00e9rdez\u0151sk\u00f6dtek az anyjuk fel\u0151l.<\/p>\n\n\n\n<p>Soha nem s\u00edrtak.<\/p>\n\n\n\n<p>\u00c9s ami a legfontosabb \u2013 soha nem v\u00e1ltak el egym\u00e1st\u00f3l.<\/p>\n\n\n\n<p>Ahov\u00e1 az egyik ment, oda ment a m\u00e1sik is.<\/p>\n\n\n\n<p>Mintha egy test lenn\u00e9nek.<\/p>\n\n\n\n<p>Aznap d\u00e9lut\u00e1n tal\u00e1lt egy helyet a h\u00e1ts\u00f3 kertben, ahol frissen gerebly\u00e9zt\u00e9k a f\u00f6ldet. Nem egy nagy lyukat. Ink\u00e1bb apr\u00f3, ism\u00e9telt pr\u00f3b\u00e1lkoz\u00e1sokat, hogy elrejtsen valamit\u2026 vagy tal\u00e1ljon valamit.<\/p>\n\n\n\n<p>\u201eMit keresel itt?\u201d \u2013 k\u00e9rdezte.<\/p>\n\n\n\n<p>Mira n\u00e9zett Mila.<\/p>\n\n\n\n<p>\u201eV\u00e1runk\u201d \u2013 mondta.<\/p>\n\n\n\n<p>\u201eMire?\u201d<\/p>\n\n\n\n<p>Nor\u00e1ra n\u00e9zett. A l\u00e1ny csak megvonta a v\u00e1ll\u00e1t.<\/p>\n\n\n\n<p>\u201e\u0150r\u00e1\u201d \u2013 v\u00e1laszolta.<\/p>\n\n\n\n<p>Adrien \u00e9rezte, hogy hideg fut v\u00e9gig a gerinc\u00e9n.<\/p>\n\n\n\n<p>\u201eKire?\u201d<\/p>\n\n\n\n<p>Ez\u00fattal mindketten egyszerre v\u00e1laszoltak.<\/p>\n\n\n\n<p>\u201eAny\u00e1ra.\u201d<\/p>\n\n\n\n<p>A harmadik \u00e9jszaka nem tudott aludni.<\/p>\n\n\n\n<p>Valami fel\u00e9bresztette.<\/p>\n\n\n\n<p>Egy halk hang.<\/p>\n\n\n\n<p>Mintha kapar\u00e1szn\u00e1nak.<\/p>\n\n\n\n<p>Felkelt \u00e9s v\u00e9gigs\u00e9t\u00e1lt a folyos\u00f3n. A gyerekszoba ajtaja nyitva volt.<\/p>\n\n\n\n<p>Az \u00e1gyak \u00fcresek voltak.<\/p>\n\n\n\n<p>A hang kintr\u0151l j\u00f6tt.<\/p>\n\n\n\n<p>Kiment a kertbe.<\/p>\n\n\n\n<p>S\u00f6t\u00e9t volt, de a hold f\u00e9nyesen s\u00fct\u00f6tt.<\/p>\n\n\n\n<p>Az ikrek ugyanott t\u00e9rdeltek, mint azel\u0151tt.<\/p>\n\n\n\n<p>\u00c1stak.<\/p>\n\n\n\n<p>A kez\u00fckkel.<\/p>\n\n\n\n<p>A f\u00f6ld jobban felkavarodott, mint valaha.<\/p>\n\n\n\n<p>\u201eEl\u00e9g!\u201d \u2013 ki\u00e1ltotta, \u00e9s fel\u00e9j\u00fck rohant.<\/p>\n\n\n\n<p>Megragadta Mila v\u00e1ll\u00e1t.<\/p>\n\n\n\n<p>\u201eMit csin\u00e1lsz?\u201d<\/p>\n\n\n\n<p>A l\u00e1ny a fej\u00e9t fel\u00e9 ford\u00edtotta.<\/p>\n\n\n\n<p>\u00c9s most el\u0151sz\u00f6r elmosolyodott.<\/p>\n\n\n\n<p>Nem gyerekmosoly volt.<\/p>\n\n\n\n<p>A f\u00e9rfi\u2026 nyugodt volt.<\/p>\n\n\n\n<p>\u201eMajdnem itt az id\u0151\u201d \u2013 mondta.<\/p>\n\n\n\n<p>Adrien h\u00e1tr\u00e1lt.<\/p>\n\n\n\n<p>\u201eMennyi az id\u0151?\u201d<\/p>\n\n\n\n<p>Nora a f\u00f6ldre mutatott.<\/p>\n\n\n\n<p>\u201eTal\u00e1ld meg.\u201d<\/p>\n\n\n\n<p>Csend.<\/p>\n\n\n\n<p>A sz\u00edve gyorsabban vert.<\/p>\n\n\n\n<p>Valami arra k\u00e9sztette, hogy jobban megn\u00e9zze.<\/p>\n\n\n\n<p>Hogy fogjon egy \u00e1s\u00f3t.<\/p>\n\n\n\n<p>Hogy elkezdjen \u00e1sni.<\/p>\n\n\n\n<p>Nem tudta, mi\u00e9rt.<\/p>\n\n\n\n<p>De nem tudott meg\u00e1llni.<\/p>\n\n\n\n<p>A f\u00f6ld puha volt.<\/p>\n\n\n\n<p>T\u00fal puha.<\/p>\n\n\n\n<p>N\u00e9h\u00e1ny perc m\u00falva valami kem\u00e9nyre bukkant.<\/p>\n\n\n\n<p>Meg\u00e1llt.<\/p>\n\n\n\n<p>Lassan eltolta mag\u00e1t\u00f3l a marad\u00e9kot.<\/p>\n\n\n\n<p>Fa.<\/p>\n\n\n\n<p>Egy deszka.<\/p>\n\n\n\n<p>Nem egy nagy.<\/p>\n\n\n\n<p>A sz\u00edve \u00f6sszeszorult.<\/p>\n\n\n\n<p>\u201eEz lehetetlen\u2026\u201d \u2013 suttogta.<\/p>\n\n\n\n<p>Az ikrek mellette \u00e1lltak.<\/p>\n\n\n\n<p>Csend.<\/p>\n\n\n\n<p>Adrien kinyitotta a fedelet.<\/p>\n\n\n\n<p>\u00c9s abban a pillanatban el\u00e1llt a l\u00e9legzete.<\/p>\n\n\n\n<p>Egy n\u0151 fek\u00fcdt benne.<\/p>\n\n\n\n<p>A f\u00f6ld v\u00e9dte, de az id\u0151 k\u00f6ny\u00f6rtelen volt.<\/p>\n\n\n\n<p>M\u00e9gis felismerte.<\/p>\n\n\n\n<p>Azonnal.<\/p>\n\n\n\n<p>Camille.<\/p>\n\n\n\n<p>A feles\u00e9ge.<\/p>\n\n\n\n<p>De ez nem minden.<\/p>\n\n\n\n<p>Mellette\u2026<\/p>\n\n\n\n<p>egy kis hely.<\/p>\n\n\n\n<p>\u00dcres.<\/p>\n\n\n\n<p>Mintha valaha lett volna hely valaki m\u00e1snak.<\/p>\n\n\n\n<p>Adrien a gyerekekhez fordult.<\/p>\n\n\n\n<p>Remegett a keze.<\/p>\n\n\n\n<p>\u201eKik vagytok?\u201d \u2013 lehelte.<\/p>\n\n\n\n<p>Mila \u00e9s Nora egym\u00e1sra n\u00e9ztek.<\/p>\n\n\n\n<p>Majd vissza r\u00e1.<\/p>\n\n\n\n<p>\u00c9s ez\u00fattal nem volt gyerekes a hangjuk.<\/p>\n\n\n\n<p>\u201eMi vagyunk azok, akiket el kellett volna felejteni\u201d \u2013 mondt\u00e1k egyszerre.<\/p>\n\n\n\n<p>A leveg\u0151 neh\u00e9z lett k\u00f6r\u00fcl\u00f6tt\u00fck.<\/p>\n\n\n\n<p>\u201eCamille\u2026\u201d \u2013 suttogta. \u201e\u0150\u2026 \u0151 nem tudta\u2026\u201d<\/p>\n\n\n\n<p>Eml\u00e9kek \u00f6z\u00f6nl\u00f6ttek el\u0151.<\/p>\n\n\n\n<p>Az az \u00e9jszaka.<\/p>\n\n\n\n<figure class=\"wp-block-image size-large\"><img loading=\"lazy\" decoding=\"async\" width=\"975\" height=\"1024\" src=\"https:\/\/vengria.info\/wp-content\/uploads\/2026\/04\/photo_2026-04-26_12-01-32-975x1024.jpg\" alt=\"\" class=\"wp-image-11095\" srcset=\"https:\/\/vengria.info\/wp-content\/uploads\/2026\/04\/photo_2026-04-26_12-01-32-975x1024.jpg 975w, https:\/\/vengria.info\/wp-content\/uploads\/2026\/04\/photo_2026-04-26_12-01-32-286x300.jpg 286w, https:\/\/vengria.info\/wp-content\/uploads\/2026\/04\/photo_2026-04-26_12-01-32-768x807.jpg 768w, https:\/\/vengria.info\/wp-content\/uploads\/2026\/04\/photo_2026-04-26_12-01-32.jpg 1104w\" sizes=\"auto, (max-width: 975px) 100vw, 975px\" \/><\/figure>\n\n\n\n<p>A baleset.<\/p>\n\n\n\n<p>Zavar.<\/p>\n\n\n\n<p>Az orvosi jelent\u00e9sek.<\/p>\n\n\n\n<p>Senki sem mondott el neki mindent.<\/p>\n\n\n\n<p>Senki sem mondta el neki az igazat.<\/p>\n\n\n\n<p>\u201eVele voltunk\u201d \u2013 folytatta Nora. \u201eDe senki sem keresett minket.\u201d<\/p>\n\n\n\n<p>Adrien t\u00e9rdre rogyott.<\/p>\n\n\n\n<p>A vil\u00e1g, amit fel\u00e9p\u00edtett, m\u00e1sodpercek alatt \u00f6sszeomlott.<\/p>\n\n\n\n<p>\u201eAz\u2026 az lehetetlen\u2026\u201d<\/p>\n\n\n\n<p>Mila k\u00f6zelebb l\u00e9pett.<\/p>\n\n\n\n<p>\u201eDe megtal\u00e1ltatok minket.\u201d<\/p>\n\n\n\n<p>Csend.<\/p>\n\n\n\n<p>Hossz\u00fa.<\/p>\n\n\n\n<p>Elviselhetetlen.<\/p>\n\n\n\n<p>Adrien felemelte a fej\u00e9t.<\/p>\n\n\n\n<p>\u00c9s abban a pillanatban\u2026<\/p>\n\n\n\n<p>nem \u00e1lltak ott.<\/p>\n\n\n\n<p>Helyett\u00fck csak egy \u00fcres kert volt.<\/p>\n\n\n\n<p>F\u00f6ld \u00e1s\u00e1sa.<\/p>\n\n\n\n<p>Egy nyitott s\u00edr.<\/p>\n\n\n\n<p>\u00c9s egy igazs\u00e1g, amit m\u00e1r nem lehetett visszaz\u00e1rni.<\/p>\n\n\n\n<p>Reggel meg\u00e9rkezett a rend\u0151rs\u00e9g.<\/p>\n\n\n\n<p>Azt\u00e1n m\u00e9g t\u00f6bb.<\/p>\n\n\n\n<p>K\u00e9rd\u00e9sek.<\/p>\n\n\n\n<p>Nyomoz\u00e1sok.<\/p>\n\n\n\n<p>Soha \u00e9rtelmetlen feljegyz\u00e9sek.<\/p>\n\n\n\n<p>\u00c9s m\u00e9gis valami megv\u00e1ltozott.<\/p>\n\n\n\n<p>Adrien m\u00e1r nem volt egyed\u00fcl.<\/p>\n\n\n\n<p>Nem az\u00e9rt, mert valaki otthagyott.<\/p>\n\n\n\n<p>Han nem, mert v\u00e9gre tudta.<\/p>\n\n\n\n<p>Hogy vannak dolgok, amik nem v\u00e9szek el.<\/p>\n\n\n\n<p>Csak v\u00e1rnak.<\/p>\n\n\n\n<p>Am\u00edg meg nem tal\u00e1lj\u00e1k \u0151ket.<\/p>\n","protected":false},"excerpt":{"rendered":"A k\u00f6r\u00fcl\u00f6tt\u00fck l\u00e9v\u0151 vid\u00e9ki csend neh\u00e9z volt, csak a f\u00e1k susog\u00e1sa \u00e9s a t\u00e1voli madarak \u00e9neke t\u00f6rte meg. Az ikrek nem mozdultak. Csak \n<a class=\"moretag\" href=\"https:\/\/vengria.info\/?p=11097\"> [...]<\/a>","protected":false},"author":1,"featured_media":11095,"comment_status":"open","ping_status":"open","sticky":false,"template":"","format":"standard","meta":{"footnotes":""},"categories":[1,2],"tags":[],"class_list":["post-11097","post","type-post","status-publish","format-standard","has-post-thumbnail","hentry","category-news","category-video"],"yoast_head":"<!-- This site is optimized with the Yoast SEO plugin v27.3 - https:\/\/yoast.com\/product\/yoast-seo-wordpress\/ -->\n<title>Adrien Morel a h\u00e1za k\u00fcsz\u00f6b\u00e9n \u00e1llt, \u00e9s k\u00e9t apr\u00f3 alakot n\u00e9zett, akik l\u00e1tsz\u00f3lag egyetlen \u00e1ltala ismert vil\u00e1ghoz sem tartoztak. -<\/title>\n<meta name=\"robots\" content=\"index, follow, max-snippet:-1, max-image-preview:large, max-video-preview:-1\" \/>\n<link rel=\"canonical\" href=\"https:\/\/vengria.info\/?p=11097\" \/>\n<meta property=\"og:locale\" content=\"en_US\" \/>\n<meta property=\"og:type\" content=\"article\" \/>\n<meta property=\"og:title\" content=\"Adrien Morel a h\u00e1za k\u00fcsz\u00f6b\u00e9n \u00e1llt, \u00e9s k\u00e9t apr\u00f3 alakot n\u00e9zett, akik l\u00e1tsz\u00f3lag egyetlen \u00e1ltala ismert vil\u00e1ghoz sem tartoztak. -\" \/>\n<meta property=\"og:description\" content=\"A k\u00f6r\u00fcl\u00f6tt\u00fck l\u00e9v\u0151 vid\u00e9ki csend neh\u00e9z volt, csak a f\u00e1k susog\u00e1sa \u00e9s a t\u00e1voli madarak \u00e9neke t\u00f6rte meg. Az ikrek nem mozdultak. Csak\" \/>\n<meta property=\"og:url\" content=\"https:\/\/vengria.info\/?p=11097\" \/>\n<meta property=\"article:published_time\" content=\"2026-04-26T08:04:23+00:00\" \/>\n<meta property=\"article:modified_time\" content=\"2026-04-26T08:04:24+00:00\" \/>\n<meta property=\"og:image\" content=\"https:\/\/vengria.info\/wp-content\/uploads\/2026\/04\/photo_2026-04-26_12-01-32.jpg\" \/>\n\t<meta property=\"og:image:width\" content=\"1104\" \/>\n\t<meta property=\"og:image:height\" content=\"1160\" \/>\n\t<meta property=\"og:image:type\" content=\"image\/jpeg\" \/>\n<meta name=\"author\" content=\"admin\" \/>\n<meta name=\"twitter:card\" content=\"summary_large_image\" \/>\n<meta name=\"twitter:label1\" content=\"Written by\" \/>\n\t<meta name=\"twitter:data1\" content=\"admin\" \/>\n\t<meta name=\"twitter:label2\" content=\"Est. reading time\" \/>\n\t<meta name=\"twitter:data2\" content=\"3 minutes\" \/>\n<script type=\"application\/ld+json\" class=\"yoast-schema-graph\">{\"@context\":\"https:\\\/\\\/schema.org\",\"@graph\":[{\"@type\":\"Article\",\"@id\":\"https:\\\/\\\/vengria.info\\\/?p=11097#article\",\"isPartOf\":{\"@id\":\"https:\\\/\\\/vengria.info\\\/?p=11097\"},\"author\":{\"name\":\"admin\",\"@id\":\"https:\\\/\\\/vengria.info\\\/#\\\/schema\\\/person\\\/b815b04a6b1fb36a2d064955a92f68d4\"},\"headline\":\"Adrien Morel a h\u00e1za k\u00fcsz\u00f6b\u00e9n \u00e1llt, \u00e9s k\u00e9t apr\u00f3 alakot n\u00e9zett, akik l\u00e1tsz\u00f3lag egyetlen \u00e1ltala ismert vil\u00e1ghoz sem tartoztak.\",\"datePublished\":\"2026-04-26T08:04:23+00:00\",\"dateModified\":\"2026-04-26T08:04:24+00:00\",\"mainEntityOfPage\":{\"@id\":\"https:\\\/\\\/vengria.info\\\/?p=11097\"},\"wordCount\":808,\"commentCount\":0,\"image\":{\"@id\":\"https:\\\/\\\/vengria.info\\\/?p=11097#primaryimage\"},\"thumbnailUrl\":\"https:\\\/\\\/vengria.info\\\/wp-content\\\/uploads\\\/2026\\\/04\\\/photo_2026-04-26_12-01-32.jpg\",\"articleSection\":[\"NEWS\",\"VIDEO\"],\"inLanguage\":\"en-US\",\"potentialAction\":[{\"@type\":\"CommentAction\",\"name\":\"Comment\",\"target\":[\"https:\\\/\\\/vengria.info\\\/?p=11097#respond\"]}]},{\"@type\":\"WebPage\",\"@id\":\"https:\\\/\\\/vengria.info\\\/?p=11097\",\"url\":\"https:\\\/\\\/vengria.info\\\/?p=11097\",\"name\":\"Adrien Morel a h\u00e1za k\u00fcsz\u00f6b\u00e9n \u00e1llt, \u00e9s k\u00e9t apr\u00f3 alakot n\u00e9zett, akik l\u00e1tsz\u00f3lag egyetlen \u00e1ltala ismert vil\u00e1ghoz sem tartoztak. -\",\"isPartOf\":{\"@id\":\"https:\\\/\\\/vengria.info\\\/#website\"},\"primaryImageOfPage\":{\"@id\":\"https:\\\/\\\/vengria.info\\\/?p=11097#primaryimage\"},\"image\":{\"@id\":\"https:\\\/\\\/vengria.info\\\/?p=11097#primaryimage\"},\"thumbnailUrl\":\"https:\\\/\\\/vengria.info\\\/wp-content\\\/uploads\\\/2026\\\/04\\\/photo_2026-04-26_12-01-32.jpg\",\"datePublished\":\"2026-04-26T08:04:23+00:00\",\"dateModified\":\"2026-04-26T08:04:24+00:00\",\"author\":{\"@id\":\"https:\\\/\\\/vengria.info\\\/#\\\/schema\\\/person\\\/b815b04a6b1fb36a2d064955a92f68d4\"},\"breadcrumb\":{\"@id\":\"https:\\\/\\\/vengria.info\\\/?p=11097#breadcrumb\"},\"inLanguage\":\"en-US\",\"potentialAction\":[{\"@type\":\"ReadAction\",\"target\":[\"https:\\\/\\\/vengria.info\\\/?p=11097\"]}]},{\"@type\":\"ImageObject\",\"inLanguage\":\"en-US\",\"@id\":\"https:\\\/\\\/vengria.info\\\/?p=11097#primaryimage\",\"url\":\"https:\\\/\\\/vengria.info\\\/wp-content\\\/uploads\\\/2026\\\/04\\\/photo_2026-04-26_12-01-32.jpg\",\"contentUrl\":\"https:\\\/\\\/vengria.info\\\/wp-content\\\/uploads\\\/2026\\\/04\\\/photo_2026-04-26_12-01-32.jpg\",\"width\":1104,\"height\":1160},{\"@type\":\"BreadcrumbList\",\"@id\":\"https:\\\/\\\/vengria.info\\\/?p=11097#breadcrumb\",\"itemListElement\":[{\"@type\":\"ListItem\",\"position\":1,\"name\":\"Home\",\"item\":\"https:\\\/\\\/vengria.info\\\/\"},{\"@type\":\"ListItem\",\"position\":2,\"name\":\"Adrien Morel a h\u00e1za k\u00fcsz\u00f6b\u00e9n \u00e1llt, \u00e9s k\u00e9t apr\u00f3 alakot n\u00e9zett, akik l\u00e1tsz\u00f3lag egyetlen \u00e1ltala ismert vil\u00e1ghoz sem tartoztak.\"}]},{\"@type\":\"WebSite\",\"@id\":\"https:\\\/\\\/vengria.info\\\/#website\",\"url\":\"https:\\\/\\\/vengria.info\\\/\",\"name\":\"\",\"description\":\"\",\"potentialAction\":[{\"@type\":\"SearchAction\",\"target\":{\"@type\":\"EntryPoint\",\"urlTemplate\":\"https:\\\/\\\/vengria.info\\\/?s={search_term_string}\"},\"query-input\":{\"@type\":\"PropertyValueSpecification\",\"valueRequired\":true,\"valueName\":\"search_term_string\"}}],\"inLanguage\":\"en-US\"},{\"@type\":\"Person\",\"@id\":\"https:\\\/\\\/vengria.info\\\/#\\\/schema\\\/person\\\/b815b04a6b1fb36a2d064955a92f68d4\",\"name\":\"admin\",\"image\":{\"@type\":\"ImageObject\",\"inLanguage\":\"en-US\",\"@id\":\"https:\\\/\\\/secure.gravatar.com\\\/avatar\\\/a29bad30ab19883c48927f9ee55a40d0d1a0c3c343bcef70ad9a0a9cb421f0fa?s=96&d=mm&r=g\",\"url\":\"https:\\\/\\\/secure.gravatar.com\\\/avatar\\\/a29bad30ab19883c48927f9ee55a40d0d1a0c3c343bcef70ad9a0a9cb421f0fa?s=96&d=mm&r=g\",\"contentUrl\":\"https:\\\/\\\/secure.gravatar.com\\\/avatar\\\/a29bad30ab19883c48927f9ee55a40d0d1a0c3c343bcef70ad9a0a9cb421f0fa?s=96&d=mm&r=g\",\"caption\":\"admin\"},\"sameAs\":[\"http:\\\/\\\/vengria.info\"],\"url\":\"https:\\\/\\\/vengria.info\\\/?author=1\"}]}<\/script>\n<!-- \/ Yoast SEO plugin. -->","yoast_head_json":{"title":"Adrien Morel a h\u00e1za k\u00fcsz\u00f6b\u00e9n \u00e1llt, \u00e9s k\u00e9t apr\u00f3 alakot n\u00e9zett, akik l\u00e1tsz\u00f3lag egyetlen \u00e1ltala ismert vil\u00e1ghoz sem tartoztak. -","robots":{"index":"index","follow":"follow","max-snippet":"max-snippet:-1","max-image-preview":"max-image-preview:large","max-video-preview":"max-video-preview:-1"},"canonical":"https:\/\/vengria.info\/?p=11097","og_locale":"en_US","og_type":"article","og_title":"Adrien Morel a h\u00e1za k\u00fcsz\u00f6b\u00e9n \u00e1llt, \u00e9s k\u00e9t apr\u00f3 alakot n\u00e9zett, akik l\u00e1tsz\u00f3lag egyetlen \u00e1ltala ismert vil\u00e1ghoz sem tartoztak. -","og_description":"A k\u00f6r\u00fcl\u00f6tt\u00fck l\u00e9v\u0151 vid\u00e9ki csend neh\u00e9z volt, csak a f\u00e1k susog\u00e1sa \u00e9s a t\u00e1voli madarak \u00e9neke t\u00f6rte meg. Az ikrek nem mozdultak. Csak","og_url":"https:\/\/vengria.info\/?p=11097","article_published_time":"2026-04-26T08:04:23+00:00","article_modified_time":"2026-04-26T08:04:24+00:00","og_image":[{"width":1104,"height":1160,"url":"https:\/\/vengria.info\/wp-content\/uploads\/2026\/04\/photo_2026-04-26_12-01-32.jpg","type":"image\/jpeg"}],"author":"admin","twitter_card":"summary_large_image","twitter_misc":{"Written by":"admin","Est. reading time":"3 minutes"},"schema":{"@context":"https:\/\/schema.org","@graph":[{"@type":"Article","@id":"https:\/\/vengria.info\/?p=11097#article","isPartOf":{"@id":"https:\/\/vengria.info\/?p=11097"},"author":{"name":"admin","@id":"https:\/\/vengria.info\/#\/schema\/person\/b815b04a6b1fb36a2d064955a92f68d4"},"headline":"Adrien Morel a h\u00e1za k\u00fcsz\u00f6b\u00e9n \u00e1llt, \u00e9s k\u00e9t apr\u00f3 alakot n\u00e9zett, akik l\u00e1tsz\u00f3lag egyetlen \u00e1ltala ismert vil\u00e1ghoz sem tartoztak.","datePublished":"2026-04-26T08:04:23+00:00","dateModified":"2026-04-26T08:04:24+00:00","mainEntityOfPage":{"@id":"https:\/\/vengria.info\/?p=11097"},"wordCount":808,"commentCount":0,"image":{"@id":"https:\/\/vengria.info\/?p=11097#primaryimage"},"thumbnailUrl":"https:\/\/vengria.info\/wp-content\/uploads\/2026\/04\/photo_2026-04-26_12-01-32.jpg","articleSection":["NEWS","VIDEO"],"inLanguage":"en-US","potentialAction":[{"@type":"CommentAction","name":"Comment","target":["https:\/\/vengria.info\/?p=11097#respond"]}]},{"@type":"WebPage","@id":"https:\/\/vengria.info\/?p=11097","url":"https:\/\/vengria.info\/?p=11097","name":"Adrien Morel a h\u00e1za k\u00fcsz\u00f6b\u00e9n \u00e1llt, \u00e9s k\u00e9t apr\u00f3 alakot n\u00e9zett, akik l\u00e1tsz\u00f3lag egyetlen \u00e1ltala ismert vil\u00e1ghoz sem tartoztak. -","isPartOf":{"@id":"https:\/\/vengria.info\/#website"},"primaryImageOfPage":{"@id":"https:\/\/vengria.info\/?p=11097#primaryimage"},"image":{"@id":"https:\/\/vengria.info\/?p=11097#primaryimage"},"thumbnailUrl":"https:\/\/vengria.info\/wp-content\/uploads\/2026\/04\/photo_2026-04-26_12-01-32.jpg","datePublished":"2026-04-26T08:04:23+00:00","dateModified":"2026-04-26T08:04:24+00:00","author":{"@id":"https:\/\/vengria.info\/#\/schema\/person\/b815b04a6b1fb36a2d064955a92f68d4"},"breadcrumb":{"@id":"https:\/\/vengria.info\/?p=11097#breadcrumb"},"inLanguage":"en-US","potentialAction":[{"@type":"ReadAction","target":["https:\/\/vengria.info\/?p=11097"]}]},{"@type":"ImageObject","inLanguage":"en-US","@id":"https:\/\/vengria.info\/?p=11097#primaryimage","url":"https:\/\/vengria.info\/wp-content\/uploads\/2026\/04\/photo_2026-04-26_12-01-32.jpg","contentUrl":"https:\/\/vengria.info\/wp-content\/uploads\/2026\/04\/photo_2026-04-26_12-01-32.jpg","width":1104,"height":1160},{"@type":"BreadcrumbList","@id":"https:\/\/vengria.info\/?p=11097#breadcrumb","itemListElement":[{"@type":"ListItem","position":1,"name":"Home","item":"https:\/\/vengria.info\/"},{"@type":"ListItem","position":2,"name":"Adrien Morel a h\u00e1za k\u00fcsz\u00f6b\u00e9n \u00e1llt, \u00e9s k\u00e9t apr\u00f3 alakot n\u00e9zett, akik l\u00e1tsz\u00f3lag egyetlen \u00e1ltala ismert vil\u00e1ghoz sem tartoztak."}]},{"@type":"WebSite","@id":"https:\/\/vengria.info\/#website","url":"https:\/\/vengria.info\/","name":"","description":"","potentialAction":[{"@type":"SearchAction","target":{"@type":"EntryPoint","urlTemplate":"https:\/\/vengria.info\/?s={search_term_string}"},"query-input":{"@type":"PropertyValueSpecification","valueRequired":true,"valueName":"search_term_string"}}],"inLanguage":"en-US"},{"@type":"Person","@id":"https:\/\/vengria.info\/#\/schema\/person\/b815b04a6b1fb36a2d064955a92f68d4","name":"admin","image":{"@type":"ImageObject","inLanguage":"en-US","@id":"https:\/\/secure.gravatar.com\/avatar\/a29bad30ab19883c48927f9ee55a40d0d1a0c3c343bcef70ad9a0a9cb421f0fa?s=96&d=mm&r=g","url":"https:\/\/secure.gravatar.com\/avatar\/a29bad30ab19883c48927f9ee55a40d0d1a0c3c343bcef70ad9a0a9cb421f0fa?s=96&d=mm&r=g","contentUrl":"https:\/\/secure.gravatar.com\/avatar\/a29bad30ab19883c48927f9ee55a40d0d1a0c3c343bcef70ad9a0a9cb421f0fa?s=96&d=mm&r=g","caption":"admin"},"sameAs":["http:\/\/vengria.info"],"url":"https:\/\/vengria.info\/?author=1"}]}},"_links":{"self":[{"href":"https:\/\/vengria.info\/index.php?rest_route=\/wp\/v2\/posts\/11097","targetHints":{"allow":["GET"]}}],"collection":[{"href":"https:\/\/vengria.info\/index.php?rest_route=\/wp\/v2\/posts"}],"about":[{"href":"https:\/\/vengria.info\/index.php?rest_route=\/wp\/v2\/types\/post"}],"author":[{"embeddable":true,"href":"https:\/\/vengria.info\/index.php?rest_route=\/wp\/v2\/users\/1"}],"replies":[{"embeddable":true,"href":"https:\/\/vengria.info\/index.php?rest_route=%2Fwp%2Fv2%2Fcomments&post=11097"}],"version-history":[{"count":1,"href":"https:\/\/vengria.info\/index.php?rest_route=\/wp\/v2\/posts\/11097\/revisions"}],"predecessor-version":[{"id":11098,"href":"https:\/\/vengria.info\/index.php?rest_route=\/wp\/v2\/posts\/11097\/revisions\/11098"}],"wp:featuredmedia":[{"embeddable":true,"href":"https:\/\/vengria.info\/index.php?rest_route=\/wp\/v2\/media\/11095"}],"wp:attachment":[{"href":"https:\/\/vengria.info\/index.php?rest_route=%2Fwp%2Fv2%2Fmedia&parent=11097"}],"wp:term":[{"taxonomy":"category","embeddable":true,"href":"https:\/\/vengria.info\/index.php?rest_route=%2Fwp%2Fv2%2Fcategories&post=11097"},{"taxonomy":"post_tag","embeddable":true,"href":"https:\/\/vengria.info\/index.php?rest_route=%2Fwp%2Fv2%2Ftags&post=11097"}],"curies":[{"name":"wp","href":"https:\/\/api.w.org\/{rel}","templated":true}]}}