{"id":11090,"date":"2026-04-26T07:58:20","date_gmt":"2026-04-26T07:58:20","guid":{"rendered":"https:\/\/vengria.info\/?p=11090"},"modified":"2026-04-26T07:58:23","modified_gmt":"2026-04-26T07:58:23","slug":"a-szavak-tovabb-lebegett-a-levegoben-mint-kellett-volna","status":"publish","type":"post","link":"https:\/\/vengria.info\/?p=11090","title":{"rendered":"A szavak tov\u00e1bb lebegett a leveg\u0151ben, mint kellett volna."},"content":{"rendered":"\n<p>\u201eCsak egy takar\u00edt\u00f3n\u0151.\u201d<\/p>\n\n\n\n<p>Nem csak egy mondat volt. Ez egy d\u00f6nt\u00e9s volt. Nyilv\u00e1nos, hideg, visszaford\u00edthatatlan.<\/p>\n\n\n\n<p>Amara nem mozdult.<\/p>\n\n\n\n<p>Nem s\u00fct\u00f6tte le a szem\u00e9t. Nem jav\u00edtotta ki. Nem tiltakozott.<\/p>\n\n\n\n<p>Csak \u00e1llt ott, nyugodtan, ahogy azon a reggelen a konyh\u00e1ban \u00e1llt, mik\u00f6zben a f\u00e9rfi vil\u00e1ga \u00f6sszeomlott k\u00f6r\u00fcl\u00f6tte.<\/p>\n\n\n\n<p>De ez\u00fattal m\u00e1s volt a csend.<\/p>\n\n\n\n<p>Nem v\u00e9delmez\u0151 volt.<\/p>\n\n\n\n<p>Hangulatos volt\u2026<\/p>\n\n\n\n<p>Valaki a k\u00f6zelben elhallgatott. Azt\u00e1n egy m\u00e1sik. A nevet\u00e9s, ami egy pillanattal ezel\u0151tt bet\u00f6lt\u00f6tte a szob\u00e1t, elkezdett elhalkulni. Nem hirtelen. Ink\u00e1bb \u00fagy, mint amikor a zene lassan v\u00e9get \u00e9r, \u00e9s senki sem tudja pontosan, mikor \u00e9rt v\u00e9get.<\/p>\n\n\n\n<p>A piros ruh\u00e1s n\u0151 jobban megn\u00e9zte Amar\u00e1t. Nem a ruh\u00e1j\u00e1t. Nem a haj\u00e1t. Az \u00e1ll\u00e1s\u00e1t.<\/p>\n\n\n\n<p>\u201eT\u00e9nyleg?\u201d \u2013 k\u00e9rdezte halkan.<\/p>\n\n\n\n<p>Daniel nevetett, ez\u00fattal egy kicsit er\u0151ltetettebben. \u201eIgen. Seg\u00edt a h\u00e1z k\u00f6r\u00fcl. Semmi t\u00f6bb.\u201d<\/p>\n\n\n\n<p>Amara m\u00e9g mindig hallgatott.<\/p>\n\n\n\n<p>\u00c9s ez volt a furcsa.<\/p>\n\n\n\n<p>Mert a legt\u00f6bb ember v\u00e9dekezett volna. Magyar\u00e1zta. Jav\u00edtotta.<\/p>\n\n\n\n<p>Nem tette.<\/p>\n\n\n\n<p>A Daniel mellett \u00fcl\u0151 f\u00e9rfiak egyike \u2013 egy id\u0151sebb, \u0151sz haj\u00fa, nyugodt arckifejez\u00e9s\u0171 f\u00e9rfi \u2013 el\u0151rel\u00e9pett.<\/p>\n\n\n\n<p>\u2013 Eln\u00e9z\u00e9st \u2013 mondta \u2013, de azt hiszem, m\u00e1r tal\u00e1lkoztunk kor\u00e1bban.<\/p>\n\n\n\n<p>Daniel \u00f6sszevonta a szem\u00f6ld\u00f6k\u00e9t. \u2013 Aligha.<\/p>\n\n\n\n<p>De a f\u00e9rfi csak Amar\u00e1ra n\u00e9zett.<\/p>\n\n\n\n<p>\u2013 Egy konferencia Nairobiban. K\u00e9t \u00e9vvel ezel\u0151tt. Egy panelbesz\u00e9lget\u00e9s a fenntarthat\u00f3 befektet\u00e9sr\u0151l.<\/p>\n\n\n\n<p>A teremben ism\u00e9t z\u00fcmm\u00f6g\u00f6tt valami.<\/p>\n\n\n\n<p>Amara r\u00e1n\u00e9zett. R\u00f6viden b\u00f3lintott. \u2013 Igen.<\/p>\n\n\n\n<p>Daniel mosolya elt\u0171nt.<\/p>\n\n\n\n<p>\u2013 V\u00e1rjon \u2013 lehelte. \u2013 Ez lehetetlen.<\/p>\n\n\n\n<p>Egy m\u00e1sik hang.<\/p>\n\n\n\n<p>\u2013 Amara N\u2019Doye? \u2013 ki\u00e1ltotta egy n\u0151 a szoba t\u00fals\u00f3 v\u00e9g\u00e9b\u0151l. \u2013 A mikrofinansz\u00edroz\u00e1si tanulm\u00e1ny szerz\u0151je?<\/p>\n\n\n\n<p>Az emberek most megfordultak.<\/p>\n\n\n\n<p>Nem Daniel miatt.<\/p>\n\n\n\n<p>Miatta.<\/p>\n\n\n\n<p>Amara \u00e1llva maradt. M\u00e9g mindig nyugodt. Csak egy kicsit egyenesebben.<\/p>\n\n\n\n<p>\u2013 Igen \u2013 v\u00e1laszolta egyszer\u0171en.<\/p>\n\n\n\n<p>A csend megv\u00e1ltozott.<\/p>\n\n\n\n<p>M\u00e1r nem bizonytalans\u00e1g volt.<\/p>\n\n\n\n<p>Meg\u00e9rt\u00e9s.<\/p>\n\n\n\n<p>Daniel k\u00f6r\u00fcln\u00e9zett. L\u00e1tta azokat a tekinteteket, amelyek egy pillanattal ezel\u0151tt m\u00e9g az \u00f6v\u00e9k voltak. Tisztelet. \u00c9rdekl\u0151d\u00e9s.<\/p>\n\n\n\n<p>Most m\u00e1sfel\u00e9 n\u00e9ztek.<\/p>\n\n\n\n<p>\u2013 Ez\u2026 ez hiba \u2013 mondta, pr\u00f3b\u00e1lva visszanyerni az \u00f6nuralm\u00e1t. \u2013 Nem dolgozik. Otthon van.<\/p>\n\n\n\n<p>Amara v\u00e9gre egyenesen r\u00e1n\u00e9zett.<\/p>\n\n\n\n<p>Nem haraggal.<\/p>\n\n\n\n<p>Olyan nyugalommal, ami kem\u00e9nyebb volt, mint b\u00e1rmilyen szemreh\u00e1ny\u00e1s.<\/p>\n\n\n\n<p>\u2013 Dolgozom \u2013 mondta. \u2013 Csak nem miattad.<\/p>\n\n\n\n<p>A mondat tal\u00e1l\u00f3 volt.<\/p>\n\n\n\n<p>Nem emelt hang.<\/p>\n\n\n\n<p>Nincs dr\u00e1ma.<\/p>\n\n\n\n<p>\u00c9s m\u00e9gis mindent megv\u00e1ltoztatott.<\/p>\n\n\n\n<p>Az id\u0151sebb f\u00e9rfi b\u00f3lintott. \u2013 A munk\u00e1d befoly\u00e1solta a leg\u00fajabb strat\u00e9gi\u00e1nkat. N\u00e9lk\u00fcle a ma talpon l\u00e9v\u0151 d\u00f6nt\u00e9seink fel\u00e9t sem hoztuk volna meg.<\/p>\n\n\n\n<p>Valaki tapsolni kezdett.<\/p>\n\n\n\n<p>Nem hangosan.<\/p>\n\n\n\n<p>Nem te\u00e1tr\u00e1lisan.<\/p>\n\n\n\n<p>De el\u00e9gg\u00e9 ahhoz, hogy m\u00e1sok is csatlakozzanak.<\/p>\n\n\n\n<p>Daniel ott \u00e1llt az eg\u00e9sznek a k\u00f6zep\u00e9n, de most el\u0151sz\u00f6r nem \u0151 volt a k\u00f6z\u00e9ppontban.<\/p>\n\n\n\n<p>Keze lassan megszorult a zseb k\u00f6r\u00fcl, ahol az USB-je volt.<\/p>\n\n\n\n<p>Hirtelen nem gy\u0151zelem volt.<\/p>\n\n\n\n<p>Bizony\u00edt\u00e9k volt.<\/p>\n\n\n\n<figure class=\"wp-block-image size-large\"><img loading=\"lazy\" decoding=\"async\" width=\"685\" height=\"1024\" src=\"https:\/\/vengria.info\/wp-content\/uploads\/2026\/04\/photo_2026-04-26_11-52-02-685x1024.jpg\" alt=\"\" class=\"wp-image-11088\" srcset=\"https:\/\/vengria.info\/wp-content\/uploads\/2026\/04\/photo_2026-04-26_11-52-02-685x1024.jpg 685w, https:\/\/vengria.info\/wp-content\/uploads\/2026\/04\/photo_2026-04-26_11-52-02-201x300.jpg 201w, https:\/\/vengria.info\/wp-content\/uploads\/2026\/04\/photo_2026-04-26_11-52-02-768x1147.jpg 768w, https:\/\/vengria.info\/wp-content\/uploads\/2026\/04\/photo_2026-04-26_11-52-02.jpg 838w\" sizes=\"auto, (max-width: 685px) 100vw, 685px\" \/><\/figure>\n\n\n\n<p>Bizony\u00edt\u00e9k arra, hogy csak azt l\u00e1tja, amit l\u00e1tni akar.<\/p>\n\n\n\n<p>Amara h\u00e1tr\u00e1lt egy l\u00e9p\u00e9st.<\/p>\n\n\n\n<p>Nem futott.<\/p>\n\n\n\n<p>Nem t\u00e1vozott veres\u00e9get szenvedve.<\/p>\n\n\n\n<p>Csak \u00fagy d\u00f6nt\u00f6tt, hogy nem lesz r\u00e9sze valaminek, ami lekicsinyli.<\/p>\n\n\n\n<p>\u201eAz\u00e9rt j\u00f6ttem, hogy visszaadjam neked\u201d \u2013 mondta nyugodtan. \u201eSemmi t\u00f6bb.\u201d<\/p>\n\n\n\n<p>K\u00f6r\u00fcln\u00e9zett. Azokra az emberekre, akik most m\u00e1sk\u00e9pp l\u00e1tt\u00e1k.<\/p>\n\n\n\n<p>De az arckifejez\u00e9se nem v\u00e1ltozott.<\/p>\n\n\n\n<p>Mert nem r\u00f3luk sz\u00f3lt.<\/p>\n\n\n\n<p>R\u00f3la sz\u00f3lt.<\/p>\n\n\n\n<p>\u00c9s arr\u00f3l a d\u00f6nt\u00e9sr\u0151l, amit aznap reggel hozott.<\/p>\n\n\n\n<p>Hogy ne legyen l\u00e1thatatlan.<\/p>\n\n\n\n<p>Megfordult \u00e9s az ajt\u00f3 fel\u00e9 indult.<\/p>\n\n\n\n<p>Senki sem \u00e1ll\u00edtotta meg.<\/p>\n\n\n\n<p>Ez\u00fattal nem az\u00e9rt, mert nem vett\u00e9k \u00e9szre.<\/p>\n\n\n\n<p>Han nem az\u00e9rt, mert meg\u00e9rtett\u00e9k.<\/p>\n\n\n\n<p>Valami ottmaradt, amit nem lehetett visszavonni.<\/p>\n\n\n\n<p>Nem a szavak.<\/p>\n\n\n\n<p>Han az igazs\u00e1g, amit m\u00e1r kimondtak.<\/p>\n\n\n\n<p>\u00c9s a f\u00e9rfi, aki azt hitte, mindent k\u00e9zben tart, hirtelen ott \u00e1llt a szoba k\u00f6zep\u00e9n, ahol mindenki t\u00f6bbet l\u00e1tott, mint amennyit mutatni akart.<\/p>\n","protected":false},"excerpt":{"rendered":"\u201eCsak egy takar\u00edt\u00f3n\u0151.\u201d Nem csak egy mondat volt. Ez egy d\u00f6nt\u00e9s volt. Nyilv\u00e1nos, hideg, visszaford\u00edthatatlan. Amara nem mozdult. Nem s\u00fct\u00f6tte le a szem\u00e9t. \n<a class=\"moretag\" href=\"https:\/\/vengria.info\/?p=11090\"> [...]<\/a>","protected":false},"author":1,"featured_media":11088,"comment_status":"open","ping_status":"open","sticky":false,"template":"","format":"standard","meta":{"footnotes":""},"categories":[1,2],"tags":[],"class_list":["post-11090","post","type-post","status-publish","format-standard","has-post-thumbnail","hentry","category-news","category-video"],"yoast_head":"<!-- This site is optimized with the Yoast SEO plugin v27.3 - https:\/\/yoast.com\/product\/yoast-seo-wordpress\/ -->\n<title>A szavak tov\u00e1bb lebegett a leveg\u0151ben, mint kellett volna. -<\/title>\n<meta name=\"robots\" content=\"index, follow, max-snippet:-1, max-image-preview:large, max-video-preview:-1\" \/>\n<link rel=\"canonical\" href=\"https:\/\/vengria.info\/?p=11090\" \/>\n<meta property=\"og:locale\" content=\"en_US\" \/>\n<meta property=\"og:type\" content=\"article\" \/>\n<meta property=\"og:title\" content=\"A szavak tov\u00e1bb lebegett a leveg\u0151ben, mint kellett volna. -\" \/>\n<meta property=\"og:description\" content=\"\u201eCsak egy takar\u00edt\u00f3n\u0151.\u201d Nem csak egy mondat volt. Ez egy d\u00f6nt\u00e9s volt. Nyilv\u00e1nos, hideg, visszaford\u00edthatatlan. Amara nem mozdult. Nem s\u00fct\u00f6tte le a szem\u00e9t.\" \/>\n<meta property=\"og:url\" content=\"https:\/\/vengria.info\/?p=11090\" \/>\n<meta property=\"article:published_time\" content=\"2026-04-26T07:58:20+00:00\" \/>\n<meta property=\"article:modified_time\" content=\"2026-04-26T07:58:23+00:00\" \/>\n<meta property=\"og:image\" content=\"https:\/\/vengria.info\/wp-content\/uploads\/2026\/04\/photo_2026-04-26_11-52-02.jpg\" \/>\n\t<meta property=\"og:image:width\" content=\"838\" \/>\n\t<meta property=\"og:image:height\" content=\"1252\" \/>\n\t<meta property=\"og:image:type\" content=\"image\/jpeg\" \/>\n<meta name=\"author\" content=\"admin\" \/>\n<meta name=\"twitter:card\" content=\"summary_large_image\" \/>\n<meta name=\"twitter:label1\" content=\"Written by\" \/>\n\t<meta name=\"twitter:data1\" content=\"admin\" \/>\n\t<meta name=\"twitter:label2\" content=\"Est. reading time\" \/>\n\t<meta name=\"twitter:data2\" content=\"3 minutes\" \/>\n<script type=\"application\/ld+json\" class=\"yoast-schema-graph\">{\"@context\":\"https:\\\/\\\/schema.org\",\"@graph\":[{\"@type\":\"Article\",\"@id\":\"https:\\\/\\\/vengria.info\\\/?p=11090#article\",\"isPartOf\":{\"@id\":\"https:\\\/\\\/vengria.info\\\/?p=11090\"},\"author\":{\"name\":\"admin\",\"@id\":\"https:\\\/\\\/vengria.info\\\/#\\\/schema\\\/person\\\/b815b04a6b1fb36a2d064955a92f68d4\"},\"headline\":\"A szavak tov\u00e1bb lebegett a leveg\u0151ben, mint kellett volna.\",\"datePublished\":\"2026-04-26T07:58:20+00:00\",\"dateModified\":\"2026-04-26T07:58:23+00:00\",\"mainEntityOfPage\":{\"@id\":\"https:\\\/\\\/vengria.info\\\/?p=11090\"},\"wordCount\":726,\"commentCount\":0,\"image\":{\"@id\":\"https:\\\/\\\/vengria.info\\\/?p=11090#primaryimage\"},\"thumbnailUrl\":\"https:\\\/\\\/vengria.info\\\/wp-content\\\/uploads\\\/2026\\\/04\\\/photo_2026-04-26_11-52-02.jpg\",\"articleSection\":[\"NEWS\",\"VIDEO\"],\"inLanguage\":\"en-US\",\"potentialAction\":[{\"@type\":\"CommentAction\",\"name\":\"Comment\",\"target\":[\"https:\\\/\\\/vengria.info\\\/?p=11090#respond\"]}]},{\"@type\":\"WebPage\",\"@id\":\"https:\\\/\\\/vengria.info\\\/?p=11090\",\"url\":\"https:\\\/\\\/vengria.info\\\/?p=11090\",\"name\":\"A szavak tov\u00e1bb lebegett a leveg\u0151ben, mint kellett volna. -\",\"isPartOf\":{\"@id\":\"https:\\\/\\\/vengria.info\\\/#website\"},\"primaryImageOfPage\":{\"@id\":\"https:\\\/\\\/vengria.info\\\/?p=11090#primaryimage\"},\"image\":{\"@id\":\"https:\\\/\\\/vengria.info\\\/?p=11090#primaryimage\"},\"thumbnailUrl\":\"https:\\\/\\\/vengria.info\\\/wp-content\\\/uploads\\\/2026\\\/04\\\/photo_2026-04-26_11-52-02.jpg\",\"datePublished\":\"2026-04-26T07:58:20+00:00\",\"dateModified\":\"2026-04-26T07:58:23+00:00\",\"author\":{\"@id\":\"https:\\\/\\\/vengria.info\\\/#\\\/schema\\\/person\\\/b815b04a6b1fb36a2d064955a92f68d4\"},\"breadcrumb\":{\"@id\":\"https:\\\/\\\/vengria.info\\\/?p=11090#breadcrumb\"},\"inLanguage\":\"en-US\",\"potentialAction\":[{\"@type\":\"ReadAction\",\"target\":[\"https:\\\/\\\/vengria.info\\\/?p=11090\"]}]},{\"@type\":\"ImageObject\",\"inLanguage\":\"en-US\",\"@id\":\"https:\\\/\\\/vengria.info\\\/?p=11090#primaryimage\",\"url\":\"https:\\\/\\\/vengria.info\\\/wp-content\\\/uploads\\\/2026\\\/04\\\/photo_2026-04-26_11-52-02.jpg\",\"contentUrl\":\"https:\\\/\\\/vengria.info\\\/wp-content\\\/uploads\\\/2026\\\/04\\\/photo_2026-04-26_11-52-02.jpg\",\"width\":838,\"height\":1252},{\"@type\":\"BreadcrumbList\",\"@id\":\"https:\\\/\\\/vengria.info\\\/?p=11090#breadcrumb\",\"itemListElement\":[{\"@type\":\"ListItem\",\"position\":1,\"name\":\"Home\",\"item\":\"https:\\\/\\\/vengria.info\\\/\"},{\"@type\":\"ListItem\",\"position\":2,\"name\":\"A szavak tov\u00e1bb lebegett a leveg\u0151ben, mint kellett volna.\"}]},{\"@type\":\"WebSite\",\"@id\":\"https:\\\/\\\/vengria.info\\\/#website\",\"url\":\"https:\\\/\\\/vengria.info\\\/\",\"name\":\"\",\"description\":\"\",\"potentialAction\":[{\"@type\":\"SearchAction\",\"target\":{\"@type\":\"EntryPoint\",\"urlTemplate\":\"https:\\\/\\\/vengria.info\\\/?s={search_term_string}\"},\"query-input\":{\"@type\":\"PropertyValueSpecification\",\"valueRequired\":true,\"valueName\":\"search_term_string\"}}],\"inLanguage\":\"en-US\"},{\"@type\":\"Person\",\"@id\":\"https:\\\/\\\/vengria.info\\\/#\\\/schema\\\/person\\\/b815b04a6b1fb36a2d064955a92f68d4\",\"name\":\"admin\",\"image\":{\"@type\":\"ImageObject\",\"inLanguage\":\"en-US\",\"@id\":\"https:\\\/\\\/secure.gravatar.com\\\/avatar\\\/a29bad30ab19883c48927f9ee55a40d0d1a0c3c343bcef70ad9a0a9cb421f0fa?s=96&d=mm&r=g\",\"url\":\"https:\\\/\\\/secure.gravatar.com\\\/avatar\\\/a29bad30ab19883c48927f9ee55a40d0d1a0c3c343bcef70ad9a0a9cb421f0fa?s=96&d=mm&r=g\",\"contentUrl\":\"https:\\\/\\\/secure.gravatar.com\\\/avatar\\\/a29bad30ab19883c48927f9ee55a40d0d1a0c3c343bcef70ad9a0a9cb421f0fa?s=96&d=mm&r=g\",\"caption\":\"admin\"},\"sameAs\":[\"http:\\\/\\\/vengria.info\"],\"url\":\"https:\\\/\\\/vengria.info\\\/?author=1\"}]}<\/script>\n<!-- \/ Yoast SEO plugin. -->","yoast_head_json":{"title":"A szavak tov\u00e1bb lebegett a leveg\u0151ben, mint kellett volna. -","robots":{"index":"index","follow":"follow","max-snippet":"max-snippet:-1","max-image-preview":"max-image-preview:large","max-video-preview":"max-video-preview:-1"},"canonical":"https:\/\/vengria.info\/?p=11090","og_locale":"en_US","og_type":"article","og_title":"A szavak tov\u00e1bb lebegett a leveg\u0151ben, mint kellett volna. -","og_description":"\u201eCsak egy takar\u00edt\u00f3n\u0151.\u201d Nem csak egy mondat volt. Ez egy d\u00f6nt\u00e9s volt. Nyilv\u00e1nos, hideg, visszaford\u00edthatatlan. Amara nem mozdult. Nem s\u00fct\u00f6tte le a szem\u00e9t.","og_url":"https:\/\/vengria.info\/?p=11090","article_published_time":"2026-04-26T07:58:20+00:00","article_modified_time":"2026-04-26T07:58:23+00:00","og_image":[{"width":838,"height":1252,"url":"https:\/\/vengria.info\/wp-content\/uploads\/2026\/04\/photo_2026-04-26_11-52-02.jpg","type":"image\/jpeg"}],"author":"admin","twitter_card":"summary_large_image","twitter_misc":{"Written by":"admin","Est. reading time":"3 minutes"},"schema":{"@context":"https:\/\/schema.org","@graph":[{"@type":"Article","@id":"https:\/\/vengria.info\/?p=11090#article","isPartOf":{"@id":"https:\/\/vengria.info\/?p=11090"},"author":{"name":"admin","@id":"https:\/\/vengria.info\/#\/schema\/person\/b815b04a6b1fb36a2d064955a92f68d4"},"headline":"A szavak tov\u00e1bb lebegett a leveg\u0151ben, mint kellett volna.","datePublished":"2026-04-26T07:58:20+00:00","dateModified":"2026-04-26T07:58:23+00:00","mainEntityOfPage":{"@id":"https:\/\/vengria.info\/?p=11090"},"wordCount":726,"commentCount":0,"image":{"@id":"https:\/\/vengria.info\/?p=11090#primaryimage"},"thumbnailUrl":"https:\/\/vengria.info\/wp-content\/uploads\/2026\/04\/photo_2026-04-26_11-52-02.jpg","articleSection":["NEWS","VIDEO"],"inLanguage":"en-US","potentialAction":[{"@type":"CommentAction","name":"Comment","target":["https:\/\/vengria.info\/?p=11090#respond"]}]},{"@type":"WebPage","@id":"https:\/\/vengria.info\/?p=11090","url":"https:\/\/vengria.info\/?p=11090","name":"A szavak tov\u00e1bb lebegett a leveg\u0151ben, mint kellett volna. -","isPartOf":{"@id":"https:\/\/vengria.info\/#website"},"primaryImageOfPage":{"@id":"https:\/\/vengria.info\/?p=11090#primaryimage"},"image":{"@id":"https:\/\/vengria.info\/?p=11090#primaryimage"},"thumbnailUrl":"https:\/\/vengria.info\/wp-content\/uploads\/2026\/04\/photo_2026-04-26_11-52-02.jpg","datePublished":"2026-04-26T07:58:20+00:00","dateModified":"2026-04-26T07:58:23+00:00","author":{"@id":"https:\/\/vengria.info\/#\/schema\/person\/b815b04a6b1fb36a2d064955a92f68d4"},"breadcrumb":{"@id":"https:\/\/vengria.info\/?p=11090#breadcrumb"},"inLanguage":"en-US","potentialAction":[{"@type":"ReadAction","target":["https:\/\/vengria.info\/?p=11090"]}]},{"@type":"ImageObject","inLanguage":"en-US","@id":"https:\/\/vengria.info\/?p=11090#primaryimage","url":"https:\/\/vengria.info\/wp-content\/uploads\/2026\/04\/photo_2026-04-26_11-52-02.jpg","contentUrl":"https:\/\/vengria.info\/wp-content\/uploads\/2026\/04\/photo_2026-04-26_11-52-02.jpg","width":838,"height":1252},{"@type":"BreadcrumbList","@id":"https:\/\/vengria.info\/?p=11090#breadcrumb","itemListElement":[{"@type":"ListItem","position":1,"name":"Home","item":"https:\/\/vengria.info\/"},{"@type":"ListItem","position":2,"name":"A szavak tov\u00e1bb lebegett a leveg\u0151ben, mint kellett volna."}]},{"@type":"WebSite","@id":"https:\/\/vengria.info\/#website","url":"https:\/\/vengria.info\/","name":"","description":"","potentialAction":[{"@type":"SearchAction","target":{"@type":"EntryPoint","urlTemplate":"https:\/\/vengria.info\/?s={search_term_string}"},"query-input":{"@type":"PropertyValueSpecification","valueRequired":true,"valueName":"search_term_string"}}],"inLanguage":"en-US"},{"@type":"Person","@id":"https:\/\/vengria.info\/#\/schema\/person\/b815b04a6b1fb36a2d064955a92f68d4","name":"admin","image":{"@type":"ImageObject","inLanguage":"en-US","@id":"https:\/\/secure.gravatar.com\/avatar\/a29bad30ab19883c48927f9ee55a40d0d1a0c3c343bcef70ad9a0a9cb421f0fa?s=96&d=mm&r=g","url":"https:\/\/secure.gravatar.com\/avatar\/a29bad30ab19883c48927f9ee55a40d0d1a0c3c343bcef70ad9a0a9cb421f0fa?s=96&d=mm&r=g","contentUrl":"https:\/\/secure.gravatar.com\/avatar\/a29bad30ab19883c48927f9ee55a40d0d1a0c3c343bcef70ad9a0a9cb421f0fa?s=96&d=mm&r=g","caption":"admin"},"sameAs":["http:\/\/vengria.info"],"url":"https:\/\/vengria.info\/?author=1"}]}},"_links":{"self":[{"href":"https:\/\/vengria.info\/index.php?rest_route=\/wp\/v2\/posts\/11090","targetHints":{"allow":["GET"]}}],"collection":[{"href":"https:\/\/vengria.info\/index.php?rest_route=\/wp\/v2\/posts"}],"about":[{"href":"https:\/\/vengria.info\/index.php?rest_route=\/wp\/v2\/types\/post"}],"author":[{"embeddable":true,"href":"https:\/\/vengria.info\/index.php?rest_route=\/wp\/v2\/users\/1"}],"replies":[{"embeddable":true,"href":"https:\/\/vengria.info\/index.php?rest_route=%2Fwp%2Fv2%2Fcomments&post=11090"}],"version-history":[{"count":1,"href":"https:\/\/vengria.info\/index.php?rest_route=\/wp\/v2\/posts\/11090\/revisions"}],"predecessor-version":[{"id":11091,"href":"https:\/\/vengria.info\/index.php?rest_route=\/wp\/v2\/posts\/11090\/revisions\/11091"}],"wp:featuredmedia":[{"embeddable":true,"href":"https:\/\/vengria.info\/index.php?rest_route=\/wp\/v2\/media\/11088"}],"wp:attachment":[{"href":"https:\/\/vengria.info\/index.php?rest_route=%2Fwp%2Fv2%2Fmedia&parent=11090"}],"wp:term":[{"taxonomy":"category","embeddable":true,"href":"https:\/\/vengria.info\/index.php?rest_route=%2Fwp%2Fv2%2Fcategories&post=11090"},{"taxonomy":"post_tag","embeddable":true,"href":"https:\/\/vengria.info\/index.php?rest_route=%2Fwp%2Fv2%2Ftags&post=11090"}],"curies":[{"name":"wp","href":"https:\/\/api.w.org\/{rel}","templated":true}]}}