{"id":11069,"date":"2026-04-26T07:27:40","date_gmt":"2026-04-26T07:27:40","guid":{"rendered":"https:\/\/vengria.info\/?p=11069"},"modified":"2026-04-26T07:27:41","modified_gmt":"2026-04-26T07:27:41","slug":"az-ajto-meg-mindig-a-zsanerjain-lengett-amikor-minden-megallt","status":"publish","type":"post","link":"https:\/\/vengria.info\/?p=11069","title":{"rendered":"Az ajt\u00f3 m\u00e9g mindig a zsan\u00e9rjain lengett, amikor minden meg\u00e1llt."},"content":{"rendered":"\n<p>A f\u00e9rfi a k\u00e1v\u00e9z\u00f3 k\u00f6zep\u00e9n \u00e1llt, sz\u00e9les v\u00e1llai megfesz\u00fcltek, tekintete a m\u00falt \u00e9s a jelen k\u00f6z\u00f6tt \u0151rl\u0151d\u00f6tt. Egy perccel ezel\u0151tt m\u00e9g olyan volt, akinek a nev\u00e9t f\u00e9lt\u00e9k kimondani. Most a padl\u00f3n t\u00e9rdelt, mintha valaki nem er\u0151szakkal, hanem igazs\u00e1ggal g\u00f6rb\u00edtette volna el a l\u00e1b\u00e1t.<\/p>\n\n\n\n<p>A kisl\u00e1ny el\u0151tte \u00e1llt.<\/p>\n\n\n\n<p>Kicsi, t\u00f6r\u00e9keny, de meg sem mozdult.<\/p>\n\n\n\n<p>\u201eEz lehetetlen\u2026\u201d \u2013 ism\u00e9telte meg, ez\u00fattal halkabban.<\/p>\n\n\n\n<p>Hangja elvesztette \u00e9less\u00e9g\u00e9t. M\u00e9g sz\u00e1m\u00e1ra is idegen\u00fcl hangzott.<\/p>\n\n\n\n<p>\u201eAnya azt mondta, hogy elment\u00e9l\u201d \u2013 folytatta halkan. \u201eHogy elment\u00e9l minket.\u201d<\/p>\n\n\n\n<p>A k\u00e1v\u00e9z\u00f3 olyan csendes volt, hogy hallani lehetett, ahogy a k\u00e1v\u00e9 cs\u00f6p\u00f6g egy felborult b\u00f6gr\u00e9b\u0151l valahol a sarokban.<\/p>\n\n\n\n<p>\u201eDe azt\u00e1n\u2026\u201d \u2013 nyelt egyet \u2013, \u201eazt\u00e1n megtal\u00e1ltam a holmijaidat.\u201d<\/p>\n\n\n\n<p>A f\u00e9rfi felemelte a fej\u00e9t. Lassan.<\/p>\n\n\n\n<p>\u201eMilyen holmikat?\u201d \u2013 k\u00e9rdezte.<\/p>\n\n\n\n<p>\u201eEgy dobozt\u201d \u2013 v\u00e1laszolta a l\u00e1ny. \u2013 Egy szekr\u00e9nyben volt elrejtve. Fot\u00f3k. Levelek. \u00c9s ez a jel\u2026 \u2013 mutatott ism\u00e9t a tetov\u00e1l\u00e1s\u00e1ra. \u2013 Anya azt mondta, hogy csak egy embernek volt ilyenje.<\/p>\n\n\n\n<p>A motorosok mozdulatlanul \u00e1lltak m\u00f6g\u00f6tte. Senki sem nevetett. Senki sem sz\u00f3lt semmit. N\u00e9h\u00e1nyan les\u00fct\u00f6tt\u00e9k a szem\u00fcket, m\u00e1sok nyugtalanul figyelt\u00e9k a jelenetet, mintha nem tudn\u00e1k, hov\u00e1 n\u00e9zzenek.<\/p>\n\n\n\n<p>\u2013 Azt mondta, meghalt\u00e1l \u2013 tette hozz\u00e1 a l\u00e1ny. \u2013 De azokban a levelekben azt mondtad, hogy visszaj\u00f6ssz.<\/p>\n\n\n\n<p>A f\u00e9rfi becsukta a szem\u00e9t.<\/p>\n\n\n\n<p>R\u00f6viden.<\/p>\n\n\n\n<p>Mintha megpr\u00f3b\u00e1ln\u00e1 meg\u00e1ll\u00edtani az eml\u00e9keket, amelyek t\u00fal gyorsan z\u00fadultak r\u00e1.<\/p>\n\n\n\n<p>\u2013 \u00c9n\u2026 \u2013 kezdte, de a hangja el\u00e1rulta. M\u00e9ly l\u00e9legzetet vett. \u2013 Akkoriban\u2026 nem volt ilyen k\u00f6nny\u0171.<\/p>\n\n\n\n<p>\u2013 Soha nem az \u2013 v\u00e1laszolta a l\u00e1ny.<\/p>\n\n\n\n<p>A mondat nem szemreh\u00e1ny\u00e1snak hangzott.<\/p>\n\n\n\n<p>Ink\u00e1bb valaminek, amit m\u00e1r r\u00e9gen elfogadott.<\/p>\n\n\n\n<p>Lassan l\u00e9pett egyet fel\u00e9.<\/p>\n\n\n\n<p>A szob\u00e1ban l\u00e9v\u0151k megfesz\u00fcltek, mintha arra v\u00e1rn\u00e1nak, hogy valaki meg\u00e1ll\u00edtsa. Senki sem tette.<\/p>\n\n\n\n<p>Meg\u00e1llt k\u00f6zvetlen\u00fcl el\u0151tte.<\/p>\n\n\n\n<p>\u2013 Nem t\u00e9ged kerestelek \u2013 mondta. \u2013 Csak l\u00e1tni akartalak.<\/p>\n\n\n\n<p>A f\u00e9rfi kinyitotta a szem\u00e9t.<\/p>\n\n\n\n<p>R\u00e1n\u00e9zett.<\/p>\n\n\n\n<p>Nem el\u0151sz\u00f6r, mint egy idegen gyerek.<\/p>\n\n\n\n<p>Hanem \u00fagy, mint akit eg\u00e9sz \u00e9let\u00e9ben ismernie kellett volna.<\/p>\n\n\n\n<p>A keze bizonytalanul, lassan mozgott. Mintha nem lenne biztos benne, hogy joga van-e hozz\u00e1.<\/p>\n\n\n\n<p>A n\u0151 meg\u00e1llt egy kicsit t\u00e1volabb az arc\u00e1t\u00f3l.<\/p>\n\n\n\n<p>\u2013 Mi a neved? \u2013 k\u00e9rdezte halkan.<\/p>\n\n\n\n<p>\u2013 Emma \u2013 v\u00e1laszolta a n\u0151.<\/p>\n\n\n\n<p>A n\u00e9v megt\u00f6rt benne valamit.<\/p>\n\n\n\n<p>Egy eml\u00e9k.<\/p>\n\n\n\n<p>Egy besz\u00e9lget\u00e9s.<\/p>\n\n\n\n<p>Egy \u00edg\u00e9rt n\u00e9v, amit soha nem volt lehet\u0151s\u00e9ge kimondani hangosan.<\/p>\n\n\n\n<p>A k\u00e9z, amely habozott, v\u00e9gre meg\u00e9rintette az arc\u00e1t. Gyeng\u00e9den. \u00d3vatosan. Mintha f\u00e9lne, hogy elt\u0171nik.<\/p>\n\n\n\n<p>Nem t\u0171nt el.<\/p>\n\n\n\n<p>A k\u00f6nnyek, amelyeket oly sok\u00e1ig visszatartott, figyelmeztet\u00e9s n\u00e9lk\u00fcl megjelentek.<\/p>\n\n\n\n<p>Egy.<\/p>\n\n\n\n<p>Azt\u00e1n egy m\u00e1sik.<\/p>\n\n\n\n<p>\u2013 Azt hittem, ez megv\u00e9d majd \u2013 suttogta.<\/p>\n\n\n\n<p>\u2013 Mit\u0151l? \u2013 k\u00e9rdezte a n\u0151.<\/p>\n\n\n\n<p>H\u00e1tran\u00e9zett. A n\u00e9p\u00e9re. Arra az \u00e9letre, amelyet olyan d\u00f6nt\u00e9sekre \u00e9p\u00edtett, amelyeket nem lehetett visszavonni.<\/p>\n\n\n\n<p>\u2013 Ett\u0151l \u2013 mondta.<\/p>\n\n\n\n<p>Csend.<\/p>\n\n\n\n<p>Hossz\u00fa.<\/p>\n\n\n\n<p>Neh\u00e9z.<\/p>\n\n\n\n<p>Emma megr\u00e1zta a fej\u00e9t.<\/p>\n\n\n\n<p>\u2013 Ez nem v\u00e9delem \u2013 v\u00e1laszolta.<\/p>\n\n\n\n<p>A mondat er\u0151sebben csapott be, mint b\u00e1rmelyik sikoly.<\/p>\n\n\n\n<p>A f\u00e9rfi lassan fel\u00e1llt. Nem a szok\u00e1sos bizonyoss\u00e1g\u00e1val, hanem valaminek a s\u00faly\u00e1val, ami v\u00e9gre utol\u00e9rte.<\/p>\n\n\n\n<p>A n\u00e9p\u00e9hez fordult.<\/p>\n\n\n\n<p>M\u00e1sk\u00e9pp n\u00e9ztek r\u00e1, mint kor\u00e1bban. Nem \u00fagy, mint egy \u00e9rinthetetlen vezet\u0151re. Ink\u00e1bb \u00fagy, mint aki a szakad\u00e9k sz\u00e9l\u00e9n \u00e1ll.<\/p>\n\n\n\n<p>\u2013 Menj \u2013 mondta.<\/p>\n\n\n\n<p>Senki sem mozdult.<\/p>\n\n\n\n<p>\u2013 Azt mondtam, menj \u2013 ism\u00e9telte meg nyugodtabban.<\/p>\n\n\n\n<p>Ez\u00fattal engedelmeskedtek.<\/p>\n\n\n\n<p>Egyenk\u00e9nt elmentek. Semmi megjegyz\u00e9s. Semmi zaj. Csak halk l\u00e9ptek t\u0171ntek el az ajt\u00f3ban.<\/p>\n\n\n\n<figure class=\"wp-block-image size-large\"><img loading=\"lazy\" decoding=\"async\" width=\"650\" height=\"1024\" src=\"https:\/\/vengria.info\/wp-content\/uploads\/2026\/04\/photo_2026-04-26_11-25-37-650x1024.jpg\" alt=\"\" class=\"wp-image-11067\" srcset=\"https:\/\/vengria.info\/wp-content\/uploads\/2026\/04\/photo_2026-04-26_11-25-37-650x1024.jpg 650w, https:\/\/vengria.info\/wp-content\/uploads\/2026\/04\/photo_2026-04-26_11-25-37-190x300.jpg 190w, https:\/\/vengria.info\/wp-content\/uploads\/2026\/04\/photo_2026-04-26_11-25-37-768x1211.jpg 768w, https:\/\/vengria.info\/wp-content\/uploads\/2026\/04\/photo_2026-04-26_11-25-37.jpg 812w\" sizes=\"auto, (max-width: 650px) 100vw, 650px\" \/><\/figure>\n\n\n\n<p>Amikor kettesben voltak, a k\u00e1v\u00e9z\u00f3 nem volt ugyanaz.<\/p>\n\n\n\n<p>Nem egy jelenet volt.<\/p>\n\n\n\n<p>Csak egy pillanat.<\/p>\n\n\n\n<p>A f\u00e9rfi ism\u00e9t Emm\u00e1ra n\u00e9zett.<\/p>\n\n\n\n<p>\u2013 Nem tudom, hogyan oldjam meg ezt \u2013 ismerte el.<\/p>\n\n\n\n<p>\u2013 \u00c9n sem \u2013 mondta a n\u0151.<\/p>\n\n\n\n<p>R\u00f6vid sz\u00fcnet.<\/p>\n\n\n\n<p>\u2013 De azzal kezdheted, hogy nem m\u00e9sz el \u2013 tette hozz\u00e1 a n\u0151.<\/p>\n\n\n\n<p>A f\u00e9rfi az ajt\u00f3ra n\u00e9zett.<\/p>\n\n\n\n<p>Azt\u00e1n vissza r\u00e1.<\/p>\n\n\n\n<p>\u00c9s ez\u00fattal maradt.<\/p>\n","protected":false},"excerpt":{"rendered":"A f\u00e9rfi a k\u00e1v\u00e9z\u00f3 k\u00f6zep\u00e9n \u00e1llt, sz\u00e9les v\u00e1llai megfesz\u00fcltek, tekintete a m\u00falt \u00e9s a jelen k\u00f6z\u00f6tt \u0151rl\u0151d\u00f6tt. Egy perccel ezel\u0151tt m\u00e9g olyan volt, \n<a class=\"moretag\" href=\"https:\/\/vengria.info\/?p=11069\"> [...]<\/a>","protected":false},"author":1,"featured_media":11067,"comment_status":"open","ping_status":"open","sticky":false,"template":"","format":"standard","meta":{"footnotes":""},"categories":[1,2],"tags":[],"class_list":["post-11069","post","type-post","status-publish","format-standard","has-post-thumbnail","hentry","category-news","category-video"],"yoast_head":"<!-- This site is optimized with the Yoast SEO plugin v27.3 - https:\/\/yoast.com\/product\/yoast-seo-wordpress\/ -->\n<title>Az ajt\u00f3 m\u00e9g mindig a zsan\u00e9rjain lengett, amikor minden meg\u00e1llt. -<\/title>\n<meta name=\"robots\" content=\"index, follow, max-snippet:-1, max-image-preview:large, max-video-preview:-1\" \/>\n<link rel=\"canonical\" href=\"https:\/\/vengria.info\/?p=11069\" \/>\n<meta property=\"og:locale\" content=\"en_US\" \/>\n<meta property=\"og:type\" content=\"article\" \/>\n<meta property=\"og:title\" content=\"Az ajt\u00f3 m\u00e9g mindig a zsan\u00e9rjain lengett, amikor minden meg\u00e1llt. -\" \/>\n<meta property=\"og:description\" content=\"A f\u00e9rfi a k\u00e1v\u00e9z\u00f3 k\u00f6zep\u00e9n \u00e1llt, sz\u00e9les v\u00e1llai megfesz\u00fcltek, tekintete a m\u00falt \u00e9s a jelen k\u00f6z\u00f6tt \u0151rl\u0151d\u00f6tt. Egy perccel ezel\u0151tt m\u00e9g olyan volt,\" \/>\n<meta property=\"og:url\" content=\"https:\/\/vengria.info\/?p=11069\" \/>\n<meta property=\"article:published_time\" content=\"2026-04-26T07:27:40+00:00\" \/>\n<meta property=\"article:modified_time\" content=\"2026-04-26T07:27:41+00:00\" \/>\n<meta property=\"og:image\" content=\"https:\/\/vengria.info\/wp-content\/uploads\/2026\/04\/photo_2026-04-26_11-25-37.jpg\" \/>\n\t<meta property=\"og:image:width\" content=\"812\" \/>\n\t<meta property=\"og:image:height\" content=\"1280\" \/>\n\t<meta property=\"og:image:type\" content=\"image\/jpeg\" \/>\n<meta name=\"author\" content=\"admin\" \/>\n<meta name=\"twitter:card\" content=\"summary_large_image\" \/>\n<meta name=\"twitter:label1\" content=\"Written by\" \/>\n\t<meta name=\"twitter:data1\" content=\"admin\" \/>\n\t<meta name=\"twitter:label2\" content=\"Est. reading time\" \/>\n\t<meta name=\"twitter:data2\" content=\"3 minutes\" \/>\n<script type=\"application\/ld+json\" class=\"yoast-schema-graph\">{\"@context\":\"https:\\\/\\\/schema.org\",\"@graph\":[{\"@type\":\"Article\",\"@id\":\"https:\\\/\\\/vengria.info\\\/?p=11069#article\",\"isPartOf\":{\"@id\":\"https:\\\/\\\/vengria.info\\\/?p=11069\"},\"author\":{\"name\":\"admin\",\"@id\":\"https:\\\/\\\/vengria.info\\\/#\\\/schema\\\/person\\\/b815b04a6b1fb36a2d064955a92f68d4\"},\"headline\":\"Az ajt\u00f3 m\u00e9g mindig a zsan\u00e9rjain lengett, amikor minden meg\u00e1llt.\",\"datePublished\":\"2026-04-26T07:27:40+00:00\",\"dateModified\":\"2026-04-26T07:27:41+00:00\",\"mainEntityOfPage\":{\"@id\":\"https:\\\/\\\/vengria.info\\\/?p=11069\"},\"wordCount\":745,\"commentCount\":0,\"image\":{\"@id\":\"https:\\\/\\\/vengria.info\\\/?p=11069#primaryimage\"},\"thumbnailUrl\":\"https:\\\/\\\/vengria.info\\\/wp-content\\\/uploads\\\/2026\\\/04\\\/photo_2026-04-26_11-25-37.jpg\",\"articleSection\":[\"NEWS\",\"VIDEO\"],\"inLanguage\":\"en-US\",\"potentialAction\":[{\"@type\":\"CommentAction\",\"name\":\"Comment\",\"target\":[\"https:\\\/\\\/vengria.info\\\/?p=11069#respond\"]}]},{\"@type\":\"WebPage\",\"@id\":\"https:\\\/\\\/vengria.info\\\/?p=11069\",\"url\":\"https:\\\/\\\/vengria.info\\\/?p=11069\",\"name\":\"Az ajt\u00f3 m\u00e9g mindig a zsan\u00e9rjain lengett, amikor minden meg\u00e1llt. -\",\"isPartOf\":{\"@id\":\"https:\\\/\\\/vengria.info\\\/#website\"},\"primaryImageOfPage\":{\"@id\":\"https:\\\/\\\/vengria.info\\\/?p=11069#primaryimage\"},\"image\":{\"@id\":\"https:\\\/\\\/vengria.info\\\/?p=11069#primaryimage\"},\"thumbnailUrl\":\"https:\\\/\\\/vengria.info\\\/wp-content\\\/uploads\\\/2026\\\/04\\\/photo_2026-04-26_11-25-37.jpg\",\"datePublished\":\"2026-04-26T07:27:40+00:00\",\"dateModified\":\"2026-04-26T07:27:41+00:00\",\"author\":{\"@id\":\"https:\\\/\\\/vengria.info\\\/#\\\/schema\\\/person\\\/b815b04a6b1fb36a2d064955a92f68d4\"},\"breadcrumb\":{\"@id\":\"https:\\\/\\\/vengria.info\\\/?p=11069#breadcrumb\"},\"inLanguage\":\"en-US\",\"potentialAction\":[{\"@type\":\"ReadAction\",\"target\":[\"https:\\\/\\\/vengria.info\\\/?p=11069\"]}]},{\"@type\":\"ImageObject\",\"inLanguage\":\"en-US\",\"@id\":\"https:\\\/\\\/vengria.info\\\/?p=11069#primaryimage\",\"url\":\"https:\\\/\\\/vengria.info\\\/wp-content\\\/uploads\\\/2026\\\/04\\\/photo_2026-04-26_11-25-37.jpg\",\"contentUrl\":\"https:\\\/\\\/vengria.info\\\/wp-content\\\/uploads\\\/2026\\\/04\\\/photo_2026-04-26_11-25-37.jpg\",\"width\":812,\"height\":1280},{\"@type\":\"BreadcrumbList\",\"@id\":\"https:\\\/\\\/vengria.info\\\/?p=11069#breadcrumb\",\"itemListElement\":[{\"@type\":\"ListItem\",\"position\":1,\"name\":\"Home\",\"item\":\"https:\\\/\\\/vengria.info\\\/\"},{\"@type\":\"ListItem\",\"position\":2,\"name\":\"Az ajt\u00f3 m\u00e9g mindig a zsan\u00e9rjain lengett, amikor minden meg\u00e1llt.\"}]},{\"@type\":\"WebSite\",\"@id\":\"https:\\\/\\\/vengria.info\\\/#website\",\"url\":\"https:\\\/\\\/vengria.info\\\/\",\"name\":\"\",\"description\":\"\",\"potentialAction\":[{\"@type\":\"SearchAction\",\"target\":{\"@type\":\"EntryPoint\",\"urlTemplate\":\"https:\\\/\\\/vengria.info\\\/?s={search_term_string}\"},\"query-input\":{\"@type\":\"PropertyValueSpecification\",\"valueRequired\":true,\"valueName\":\"search_term_string\"}}],\"inLanguage\":\"en-US\"},{\"@type\":\"Person\",\"@id\":\"https:\\\/\\\/vengria.info\\\/#\\\/schema\\\/person\\\/b815b04a6b1fb36a2d064955a92f68d4\",\"name\":\"admin\",\"image\":{\"@type\":\"ImageObject\",\"inLanguage\":\"en-US\",\"@id\":\"https:\\\/\\\/secure.gravatar.com\\\/avatar\\\/a29bad30ab19883c48927f9ee55a40d0d1a0c3c343bcef70ad9a0a9cb421f0fa?s=96&d=mm&r=g\",\"url\":\"https:\\\/\\\/secure.gravatar.com\\\/avatar\\\/a29bad30ab19883c48927f9ee55a40d0d1a0c3c343bcef70ad9a0a9cb421f0fa?s=96&d=mm&r=g\",\"contentUrl\":\"https:\\\/\\\/secure.gravatar.com\\\/avatar\\\/a29bad30ab19883c48927f9ee55a40d0d1a0c3c343bcef70ad9a0a9cb421f0fa?s=96&d=mm&r=g\",\"caption\":\"admin\"},\"sameAs\":[\"http:\\\/\\\/vengria.info\"],\"url\":\"https:\\\/\\\/vengria.info\\\/?author=1\"}]}<\/script>\n<!-- \/ Yoast SEO plugin. -->","yoast_head_json":{"title":"Az ajt\u00f3 m\u00e9g mindig a zsan\u00e9rjain lengett, amikor minden meg\u00e1llt. -","robots":{"index":"index","follow":"follow","max-snippet":"max-snippet:-1","max-image-preview":"max-image-preview:large","max-video-preview":"max-video-preview:-1"},"canonical":"https:\/\/vengria.info\/?p=11069","og_locale":"en_US","og_type":"article","og_title":"Az ajt\u00f3 m\u00e9g mindig a zsan\u00e9rjain lengett, amikor minden meg\u00e1llt. -","og_description":"A f\u00e9rfi a k\u00e1v\u00e9z\u00f3 k\u00f6zep\u00e9n \u00e1llt, sz\u00e9les v\u00e1llai megfesz\u00fcltek, tekintete a m\u00falt \u00e9s a jelen k\u00f6z\u00f6tt \u0151rl\u0151d\u00f6tt. Egy perccel ezel\u0151tt m\u00e9g olyan volt,","og_url":"https:\/\/vengria.info\/?p=11069","article_published_time":"2026-04-26T07:27:40+00:00","article_modified_time":"2026-04-26T07:27:41+00:00","og_image":[{"width":812,"height":1280,"url":"https:\/\/vengria.info\/wp-content\/uploads\/2026\/04\/photo_2026-04-26_11-25-37.jpg","type":"image\/jpeg"}],"author":"admin","twitter_card":"summary_large_image","twitter_misc":{"Written by":"admin","Est. reading time":"3 minutes"},"schema":{"@context":"https:\/\/schema.org","@graph":[{"@type":"Article","@id":"https:\/\/vengria.info\/?p=11069#article","isPartOf":{"@id":"https:\/\/vengria.info\/?p=11069"},"author":{"name":"admin","@id":"https:\/\/vengria.info\/#\/schema\/person\/b815b04a6b1fb36a2d064955a92f68d4"},"headline":"Az ajt\u00f3 m\u00e9g mindig a zsan\u00e9rjain lengett, amikor minden meg\u00e1llt.","datePublished":"2026-04-26T07:27:40+00:00","dateModified":"2026-04-26T07:27:41+00:00","mainEntityOfPage":{"@id":"https:\/\/vengria.info\/?p=11069"},"wordCount":745,"commentCount":0,"image":{"@id":"https:\/\/vengria.info\/?p=11069#primaryimage"},"thumbnailUrl":"https:\/\/vengria.info\/wp-content\/uploads\/2026\/04\/photo_2026-04-26_11-25-37.jpg","articleSection":["NEWS","VIDEO"],"inLanguage":"en-US","potentialAction":[{"@type":"CommentAction","name":"Comment","target":["https:\/\/vengria.info\/?p=11069#respond"]}]},{"@type":"WebPage","@id":"https:\/\/vengria.info\/?p=11069","url":"https:\/\/vengria.info\/?p=11069","name":"Az ajt\u00f3 m\u00e9g mindig a zsan\u00e9rjain lengett, amikor minden meg\u00e1llt. -","isPartOf":{"@id":"https:\/\/vengria.info\/#website"},"primaryImageOfPage":{"@id":"https:\/\/vengria.info\/?p=11069#primaryimage"},"image":{"@id":"https:\/\/vengria.info\/?p=11069#primaryimage"},"thumbnailUrl":"https:\/\/vengria.info\/wp-content\/uploads\/2026\/04\/photo_2026-04-26_11-25-37.jpg","datePublished":"2026-04-26T07:27:40+00:00","dateModified":"2026-04-26T07:27:41+00:00","author":{"@id":"https:\/\/vengria.info\/#\/schema\/person\/b815b04a6b1fb36a2d064955a92f68d4"},"breadcrumb":{"@id":"https:\/\/vengria.info\/?p=11069#breadcrumb"},"inLanguage":"en-US","potentialAction":[{"@type":"ReadAction","target":["https:\/\/vengria.info\/?p=11069"]}]},{"@type":"ImageObject","inLanguage":"en-US","@id":"https:\/\/vengria.info\/?p=11069#primaryimage","url":"https:\/\/vengria.info\/wp-content\/uploads\/2026\/04\/photo_2026-04-26_11-25-37.jpg","contentUrl":"https:\/\/vengria.info\/wp-content\/uploads\/2026\/04\/photo_2026-04-26_11-25-37.jpg","width":812,"height":1280},{"@type":"BreadcrumbList","@id":"https:\/\/vengria.info\/?p=11069#breadcrumb","itemListElement":[{"@type":"ListItem","position":1,"name":"Home","item":"https:\/\/vengria.info\/"},{"@type":"ListItem","position":2,"name":"Az ajt\u00f3 m\u00e9g mindig a zsan\u00e9rjain lengett, amikor minden meg\u00e1llt."}]},{"@type":"WebSite","@id":"https:\/\/vengria.info\/#website","url":"https:\/\/vengria.info\/","name":"","description":"","potentialAction":[{"@type":"SearchAction","target":{"@type":"EntryPoint","urlTemplate":"https:\/\/vengria.info\/?s={search_term_string}"},"query-input":{"@type":"PropertyValueSpecification","valueRequired":true,"valueName":"search_term_string"}}],"inLanguage":"en-US"},{"@type":"Person","@id":"https:\/\/vengria.info\/#\/schema\/person\/b815b04a6b1fb36a2d064955a92f68d4","name":"admin","image":{"@type":"ImageObject","inLanguage":"en-US","@id":"https:\/\/secure.gravatar.com\/avatar\/a29bad30ab19883c48927f9ee55a40d0d1a0c3c343bcef70ad9a0a9cb421f0fa?s=96&d=mm&r=g","url":"https:\/\/secure.gravatar.com\/avatar\/a29bad30ab19883c48927f9ee55a40d0d1a0c3c343bcef70ad9a0a9cb421f0fa?s=96&d=mm&r=g","contentUrl":"https:\/\/secure.gravatar.com\/avatar\/a29bad30ab19883c48927f9ee55a40d0d1a0c3c343bcef70ad9a0a9cb421f0fa?s=96&d=mm&r=g","caption":"admin"},"sameAs":["http:\/\/vengria.info"],"url":"https:\/\/vengria.info\/?author=1"}]}},"_links":{"self":[{"href":"https:\/\/vengria.info\/index.php?rest_route=\/wp\/v2\/posts\/11069","targetHints":{"allow":["GET"]}}],"collection":[{"href":"https:\/\/vengria.info\/index.php?rest_route=\/wp\/v2\/posts"}],"about":[{"href":"https:\/\/vengria.info\/index.php?rest_route=\/wp\/v2\/types\/post"}],"author":[{"embeddable":true,"href":"https:\/\/vengria.info\/index.php?rest_route=\/wp\/v2\/users\/1"}],"replies":[{"embeddable":true,"href":"https:\/\/vengria.info\/index.php?rest_route=%2Fwp%2Fv2%2Fcomments&post=11069"}],"version-history":[{"count":1,"href":"https:\/\/vengria.info\/index.php?rest_route=\/wp\/v2\/posts\/11069\/revisions"}],"predecessor-version":[{"id":11070,"href":"https:\/\/vengria.info\/index.php?rest_route=\/wp\/v2\/posts\/11069\/revisions\/11070"}],"wp:featuredmedia":[{"embeddable":true,"href":"https:\/\/vengria.info\/index.php?rest_route=\/wp\/v2\/media\/11067"}],"wp:attachment":[{"href":"https:\/\/vengria.info\/index.php?rest_route=%2Fwp%2Fv2%2Fmedia&parent=11069"}],"wp:term":[{"taxonomy":"category","embeddable":true,"href":"https:\/\/vengria.info\/index.php?rest_route=%2Fwp%2Fv2%2Fcategories&post=11069"},{"taxonomy":"post_tag","embeddable":true,"href":"https:\/\/vengria.info\/index.php?rest_route=%2Fwp%2Fv2%2Ftags&post=11069"}],"curies":[{"name":"wp","href":"https:\/\/api.w.org\/{rel}","templated":true}]}}